{"id":67894,"date":"2020-01-31T11:12:25","date_gmt":"2020-01-31T14:12:25","guid":{"rendered":"https:\/\/eldiariodesanpedro.com.ar\/sitio\/?p=67894"},"modified":"2020-01-31T11:12:30","modified_gmt":"2020-01-31T14:12:30","slug":"le-dispararon-tres-veces-sin-lograr-herirlo","status":"publish","type":"post","link":"https:\/\/eldiariodesanpedro.com.ar\/sitio\/le-dispararon-tres-veces-sin-lograr-herirlo\/","title":{"rendered":"Le dispararon tres veces sin lograr herirlo"},"content":{"rendered":"<!-- VideographyWP Plugin Message: Automatic video embedding prevented by plugin options. -->\n\n<p>As\u00ed lo denunci\u00f3 un joven que se encontraba en su domicilio cuando una persona , a quien reconoce, le efectu\u00f3 tres disparos.<br><\/p>\n\n\n\n<p>Sucedi\u00f3 por la tarde de este jueves, en el Barrio San Miguel, la v\u00edctima ser\u00eda hermano de \u00c1ngel Luna, quien muri\u00f3 hace d\u00edas atr\u00e1s luego de recibir un disparo con postas de goma de un efectivo policial.<br><\/p>\n\n\n\n<p>Seg\u00fan cuenta en la denuncia el afectado, tendr\u00eda problemas de vieja data con el agresor.<br><\/p>\n\n\n\n<p>Personal policial acudi\u00f3 al lugar pero no lograron dar con el masculino, que seg\u00fan testigos, se trata de otro joven integrante del servicio penitenciario.<br><\/p>\n\n\n\n<p>Interviene fiscalia en turno.<\/p>\n","protected":false},"excerpt":{"rendered":"<p>As\u00ed lo denunci\u00f3 un joven que se encontraba en su domicilio cuando una persona , a quien reconoce, le efectu\u00f3 tres disparos. Sucedi\u00f3 por la tarde de este jueves, en el Barrio San Miguel, la v\u00edctima ser\u00eda hermano de \u00c1ngel Luna, quien muri\u00f3 hace d\u00edas atr\u00e1s luego de recibir un disparo con postas de goma [&hellip;]<\/p>\n","protected":false},"author":4,"featured_media":67671,"comment_status":"open","ping_status":"closed","sticky":false,"template":"","format":"standard","meta":{"om_disable_all_campaigns":false,"_jetpack_memberships_contains_paid_content":false,"footnotes":""},"categories":[2,103],"tags":[],"class_list":["post-67894","post","type-post","status-publish","format-standard","has-post-thumbnail","hentry","category-locales","category-policiales-locales"],"aioseo_notices":[],"gutentor_comment":0,"jetpack_featured_media_url":"https:\/\/eldiariodesanpedro.com.ar\/sitio\/wp-content\/uploads\/2020\/01\/patrullero-policia-2.jpg","jetpack_shortlink":"https:\/\/wp.me\/p6RhLt-hF4","jetpack_sharing_enabled":true,"_links":{"self":[{"href":"https:\/\/eldiariodesanpedro.com.ar\/sitio\/wp-json\/wp\/v2\/posts\/67894","targetHints":{"allow":["GET"]}}],"collection":[{"href":"https:\/\/eldiariodesanpedro.com.ar\/sitio\/wp-json\/wp\/v2\/posts"}],"about":[{"href":"https:\/\/eldiariodesanpedro.com.ar\/sitio\/wp-json\/wp\/v2\/types\/post"}],"author":[{"embeddable":true,"href":"https:\/\/eldiariodesanpedro.com.ar\/sitio\/wp-json\/wp\/v2\/users\/4"}],"replies":[{"embeddable":true,"href":"https:\/\/eldiariodesanpedro.com.ar\/sitio\/wp-json\/wp\/v2\/comments?post=67894"}],"version-history":[{"count":1,"href":"https:\/\/eldiariodesanpedro.com.ar\/sitio\/wp-json\/wp\/v2\/posts\/67894\/revisions"}],"predecessor-version":[{"id":67895,"href":"https:\/\/eldiariodesanpedro.com.ar\/sitio\/wp-json\/wp\/v2\/posts\/67894\/revisions\/67895"}],"wp:featuredmedia":[{"embeddable":true,"href":"https:\/\/eldiariodesanpedro.com.ar\/sitio\/wp-json\/wp\/v2\/media\/67671"}],"wp:attachment":[{"href":"https:\/\/eldiariodesanpedro.com.ar\/sitio\/wp-json\/wp\/v2\/media?parent=67894"}],"wp:term":[{"taxonomy":"category","embeddable":true,"href":"https:\/\/eldiariodesanpedro.com.ar\/sitio\/wp-json\/wp\/v2\/categories?post=67894"},{"taxonomy":"post_tag","embeddable":true,"href":"https:\/\/eldiariodesanpedro.com.ar\/sitio\/wp-json\/wp\/v2\/tags?post=67894"}],"curies":[{"name":"wp","href":"https:\/\/api.w.org\/{rel}","templated":true}]}}