{"id":67891,"date":"2020-01-31T10:52:02","date_gmt":"2020-01-31T13:52:02","guid":{"rendered":"https:\/\/eldiariodesanpedro.com.ar\/sitio\/?p=67891"},"modified":"2020-01-31T10:52:08","modified_gmt":"2020-01-31T13:52:08","slug":"el-director-de-deporte-presento-un-interesante-proyecto-el-deporte-como-motor-del-cambio-hacia-un-san-pedro-feliz","status":"publish","type":"post","link":"https:\/\/eldiariodesanpedro.com.ar\/sitio\/el-director-de-deporte-presento-un-interesante-proyecto-el-deporte-como-motor-del-cambio-hacia-un-san-pedro-feliz\/","title":{"rendered":"El Director de deporte present\u00f3 un interesante proyecto: \u201cEl deporte como motor del cambio hacia un San Pedro feliz\u201d"},"content":{"rendered":"<!-- VideographyWP Plugin Message: Automatic video embedding prevented by plugin options. -->\n\n<p>Tiene como objetivo\u00a0 llevar el deporte a todos los barrios y localidades, adem\u00e1s proyecta reparar el Gimnasio, reabrir la escuela de Atletismo y crear una para las personas con discapacidad.\u00a0<br><\/p>\n\n\n\n<p>El Director de Deportes, Ramiro S\u00e1nchez Negrete, elev\u00f3 un proyecto al intendente Cecilio Salazar donde expresa cuales son sus ideales para trabajar en el corriente a\u00f1o destacando\u00a0 \u00abla inclusi\u00f3n y participaci\u00f3n de todos los ciudadanos\u00bb<br><\/p>\n\n\n\n<p><strong>EL PROYECYO COMPLETO<\/strong><\/p>\n\n\n\n<p>A modo de introducci\u00f3n, en el presente proyecto considero necesario referirme a mi trabajo realizado en el a\u00f1o 2019 presentado bajo el t\u00edtulo \u201cUna Ciudad en Movimiento\u201d, el cual presentaba como objetivos principales, primero, buscar darle el espacio que se merec\u00edan a las<br> personas con discapacidad, a la vez, llegar a los barrios y localidades con el deporte, y as\u00ed darle la posibilidad a todas las personas sin importar su edad, para que puedan realizar alg\u00fan deporte o actividad f\u00edsica. Logrando de esta manera, la inclusi\u00f3n y participaci\u00f3n de todos los ciudadanos.<br><\/p>\n\n\n\n<p>Tambi\u00e9n, como todos los a\u00f1os, se trabaj\u00f3 incansablemente con los juegos bonaerenses, logrando una participaci\u00f3n de m\u00e1s de 1800 chicos, teniendo en cuenta que a\u00f1os anteriores no se logr\u00f3 superar los 1500 participantes, y no se tuvieron en cuenta la participaci\u00f3n de las localidades y barrios lejanos al centro de la ciudad. Y este a\u00f1o, el objetivo principal estuvo<br> puesto en la inclusi\u00f3n e interacci\u00f3n de los concurrentes.<br> Y por supuesto, se llev\u00f3 a cabo el acompa\u00f1amiento de las instituciones a trav\u00e9s de subsidios, donaci\u00f3n de materiales deportivos, y el sost\u00e9n para los atletas de nuestra ciudad, con becas econ\u00f3micas para que puedan solventar sus gastos.<br><\/p>\n\n\n\n<p>Para el a\u00f1o 2020, considero fundamental la presentaci\u00f3n de un proyecto, donde el principal objetivo, es utilizar el deporte como herramientas para el desarrollo de las personas, e interactuar constantemente con la educaci\u00f3n, ya que a mi juicio el punto de partida de la formaci\u00f3n de los ciudadanos. Adem\u00e1s de proveer conocimientos, la educaci\u00f3n enriquece la cultura, el esp\u00edritu, los valores y todo aquello que nos caracteriza como seres humanos. Siguiendo a Paulo Freire \u201cla educaci\u00f3n verdadera es praxis, reflexi\u00f3n y acci\u00f3n del hombre sobre el mundo para transformarlo\u201d.<br><br> <\/p>\n\n\n\n<p>El deporte es un elemento universal presente en todas las culturas y, por lo tanto, se debe incorporar como un eje principal, ya que engloba los anteriores y puede servirles como plataforma de desarrollo y como ligue. Considero que es a trav\u00e9s del deporte que podemos implementar avances con respecto al desarrollo de la cultura, y fomentar la educaci\u00f3n tanto<br> acad\u00e9mica como corporal. El deporte, y sobre todo, los juegos de equipo, son una parte importante de nuestras vidas, ya seamos espectadores o participantes. Para muchos, por ejemplo, el f\u00fatbol es una fuente inagotable de conversaci\u00f3n, los aficionados sienten una gran afinidad con<br> su equipo, y popularmente se suele considerar a los deportistas de \u00e9lite como h\u00e9roes y ejemplos a seguir. Despertando as\u00ed, el inter\u00e9s de muchos espectadores logrando que realicen alg\u00fan deporte en particular.<br> <\/p>\n\n\n\n<p>Otras actividades que implican el ejercicio mental m\u00e1s que f\u00edsico, como el ajedrez, tambi\u00e9n se consideran deportes. Los hay para todos los gustos y temperamentos y, por lo tanto, el deporte puede estar realmente muy vinculado a nuestra identidad y cultura en alg\u00fan momento de nuestra<br> vida gracias a su capacidad abarcativa para captar a todas las personalidades posibles.<\/p>\n\n\n\n<p><br> Si nos fijamos m\u00e1s en el valor subyacente y el prop\u00f3sito de los deportes y los juegos, (y esto incluye los juegos de ni\u00f1os), se hace evidente que todos los deportes, ya sea f\u00fatbol, lanzar piedras o yoga, se han desarrollado como medio de ense\u00f1anza de aptitudes necesarias para la vida, y es \u00e9ste, el principal motivo, por el que los deportes se consideran como una parte<br> importante de los planes de estudios, tanto formales como no formales.<br><\/p>\n\n\n\n<p>Otra raz\u00f3n por la que se incluye el deporte a los mismos, es que \u00e9ste proporciona a los j\u00f3venes oportunidades de interacci\u00f3n social, a trav\u00e9s de las cuales pueden desarrollar los conocimientos, habilidades y actitudes necesarias para su plena participaci\u00f3n en la sociedad civil.<br><br> Nuestra ciudad cuenta hoy, con una cantidad numerosa de barrios en crecimiento y localidades, de los cuales, muchos est\u00e1n alejados de los centros deportivos y esto les complica la accesibilidad y el mejoramiento de su salud por medio de la actividad f\u00edsica a los ciudadanos. En los barrios tambi\u00e9n se hacen presentes las complicaciones que hoy presentan nuestros j\u00f3venes, con respecto al consumo problem\u00e1tico de sustancias t\u00f3xicas, al sedentarismo, el uso masivo de la tecnolog\u00eda, y dem\u00e1s.<br> Al respecto de lo anteriormente mencionado, desde la direcci\u00f3n de deporte, a mi juicio, me siento con la responsabilidad de generar ideas y soluciones a estas problem\u00e1ticas desde la promoci\u00f3n de la actividad f\u00edsica, y el deporte.<br> Mi propuesta fundamental con respecto al tratamiento de la juventud, teniendo en cuenta que constituyen la fuerza y el motor del pa\u00eds, es colaborar con esta tarea que hoy tiene el municipio de promocionar en ellos h\u00e1bitos saludables y culturales. Alejarlos de las problem\u00e1ticas<br> anteriormente mencionadas para que puedan construir lazos sanos, tanto entre ellos. Como con diversos profesionales y que encuentren un lugar de contenci\u00f3n para evitar pasar tiempo en la calle y caer en malas costumbres. Se hace necesario, desarrollar e impulsar programas y actividades, en la que los j\u00f3venes sean activos protagonistas, debemos escuchar sus sugerencias, y sus intereses personales. Para ello considero necesario generar espacios de encuentro entre varias generaciones para poder debatir acerca de sus necesidades y escuchar sus propuestas.<br> <\/p>\n\n\n\n<p>Una de las medidas a tomar, es la reapertura de la Escuela Municipal de Atletismo, como punto de encuentro el Estadio Municipal, y se desarrollar\u00e1 tambi\u00e9n en los barrios y localidades para ampliar y darles la posibilidad a los ciudadanos que no pueden acercarse al Estadio para entrenar. Esta medida es tenida en cuenta considerando, que en a\u00f1os anteriores, hubo mucha concurrencia de atletas que se anotaban en este deporte para poder participar de los Juegos Bonaerenses. Teniendo en cuenta lo anteriormente explicado, es necesario reabrir la Escuela Municipal de Atletismo.<br> <\/p>\n\n\n\n<p>Tambi\u00e9n, se hace necesario seguir con la continuidad de los distintos deportes que se desarrollan tanto, en barrios como en localidades, a trav\u00e9s del programa \u201cAn\u00edmate, Vos Vales\u201d, ya que se considera de vital importancia su continuidad porque es un programa de inclusi\u00f3n, para llegar a diferentes barrios y localidades con actividades deportivas, y de esta manera seguir brindando la posibilidad a los ciudadanos que cuentan con recursos limitados. La elecci\u00f3n de los deportes va a depender del seguimiento de a\u00f1o a a\u00f1o, mes a mes, que se realizar\u00e1 en cada lugar<br> para ir evaluando su continuidad, con el principal objetivo puesto en la participaci\u00f3n de la sociedad para incluirlos de forma participativa en eventos tanto deportivos como culturales que se realicen en nuestra ciudad. Ya que los mismos cuentan con todas las condiciones para constituirse en agentes generadores de iniciativas para mejorar la calidad de vida, desarrollando propuestas colectivas en favor de la comunidad.<br> <\/p>\n\n\n\n<p>Adem\u00e1s se buscar\u00e1 impulsar la estimulaci\u00f3n masiva del movimiento en las escuelas, a trav\u00e9s del deporte, la recreaci\u00f3n y la cultura con actividades interescolares que incluyan a todas las instituciones escolares p\u00fablicas y privadas.<br> <\/p>\n\n\n\n<p>Por otro lado, tambi\u00e9n es debido trabajar con las instituciones relacionadas al deporte, para que puedan mostrar en todas las escuelas, las distintas actividades que posee cada una, para que todos los ni\u00f1os y j\u00f3venes de la ciudad conozcan todos los deportes y actividades culturales y el<br> lugar en donde las pueden desarrollar. De esta manera, seguimos fomentando la inclusi\u00f3n y la participaci\u00f3n de la sociedad.<br><br> Este importante proyecto sustenta a la actividad f\u00edsica como concepto primario y, por consiguiente, incorporar h\u00e1bitos saludables, en ni\u00f1os y adolescentes.<br><\/p>\n\n\n\n<p>Es decir, se hace necesario presentar una herramienta que favorezca la participaci\u00f3n activa de los alumnos, tendiendo al desarrollo individual y social, para mejorar la calidad de vida de toda la poblaci\u00f3n, inculcando h\u00e1bitos de orden, respeto, conducta y de salud.<br><\/p>\n\n\n\n<p>Otro tema que considero de vital importancia son las actividades f\u00edsicas, recreativas y deportivas que realizan las personas con discapacidad. La mayor\u00eda de las veces, la \u00fanica ventana al deporte que se le brinda a estos ciudadanos, es a trav\u00e9s de las instituciones escolares, y lo ideal<br> ser\u00eda reforzar las mismas y tambi\u00e9n crear un nuevo abanico de posibilidades para que los adultos, as\u00ed como los ni\u00f1os con discapacidad, accedan a la actividad f\u00edsica, y la recreaci\u00f3n con mayor facilidad.<br> En el a\u00f1o 2019 se abre la Escuela de Deportes Adaptados, a trav\u00e9s del programa \u201cAn\u00edmate, Vos Vales\u201d. El cual tuvo su gran repercusi\u00f3n y acompa\u00f1amiento de la sociedad, logrando hoy mismo, tener una matr\u00edcula de 30 personas, y en busca de aumentar la misma, y aumentar los deportes y generar nuevos espacios para poder brindarles m\u00e1s posibilidades de accesibilidad.<\/p>\n\n\n\n<p>En este proyecto, se busca lograr la mayor participaci\u00f3n de la comunidad, a trav\u00e9s de las actividades planteadas, no solo se ponga en pr\u00e1ctica el desarrollo de las capacidades motrices individuales, sino la independencia e inclusi\u00f3n social de nuestros habitantes con otras capacidades.<br> <\/p>\n\n\n\n<p>Teniendo en cuenta el contexto pol\u00edtico que vivimos de tensi\u00f3n, y los problemas sociales que se intensifican cada vez m\u00e1s, propongo, organizar nuevamente las olimpiadas para empleados municipales, d\u00f3nde se encuentren con actividades tanto deportivas, como culturales, y de esta<br>forma generar un ambiente c\u00e1lido de trabajo entre el personal de cada \u00e1rea como as\u00ed tambi\u00e9n, lograr interacci\u00f3n con los trabajadores con los que quiz\u00e1s no tengan tanta relaci\u00f3n, o no conocen por pertenecer a otras \u00e1reas. Adem\u00e1s, de esta manera fomentamos el ejercicio, y la actividad f\u00edsica, generando mejor calidad de vida de los mismos, evitando futuras lesiones y mejorando el rendimiento de los trabajadores. Como as\u00ed tambi\u00e9n, disminuir el estr\u00e9s laboral ya que es una problem\u00e1tica a resolver, porque genera una reducci\u00f3n de la efectividad productiva y la calidad del vida de sujeto<br> <\/p>\n\n\n\n<p>Tambi\u00e9n considero necesario referirme al colectivo de los adultos mayores, que son, en muchos \u00e1mbitos un sector olvidado, personas que, al no servir ya para producir, nuestra industrializada sociedad las aparta como si fueran un estorbo, una carga. Por ello la vejez, aunque podr\u00eda ser una \u00e9poca para disfrutar del tiempo libre, estar con la familia y cultivar aficiones, se ha convertido en una etapa de la vida que, para muchas personas conlleva soledad, frustraci\u00f3n, impotencia y tristeza. Los mayores deben aprender a sobrellevar la reducci\u00f3n de ciertas actividades que antes hac\u00edan debido a las limitaciones propias de la edad, y a ello se une el tener que enfrentarse a la incomprensi\u00f3n y rechazo de una sociedad cada vez m\u00e1s exigente.<br> <\/p>\n\n\n\n<p>Todo ello conlleva un gran impacto emocional para estas personas, llegando a sufrir sensaciones de nerviosismo y angustia, sentimientos de tristeza, irritabilidad, mal humor, marginaci\u00f3n social, y esto repercute en su salud.<br> <\/p>\n\n\n\n<p>Este es un hecho, ante el que no podemos quedarnos de brazos cruzados, y a mi juicio, desde el mundo del deporte se puede hacer mucho por ayudar a nuestros mayores a tener una vejez m\u00e1s activa, saludable y feliz. Por ello, quiero aportar desde mi experiencia en el \u00e1rea la contenci\u00f3n necesaria ofreciendo un programa de actividades deportivas adaptadas a sus necesidades, en el que puedan practicar actividad f\u00edsica en un ambiente positivo, mejorar su salud, su autoestima y su estado de \u00e1nimo a la vez que crear nuevas relaciones sociales, redes de contenci\u00f3n. Por eso debemos enfocarnos en el logro del envejecimiento activo, considerarlo como un objetivo primordial tanto por la sociedad como por los responsables pol\u00edticos, intentando mejorar la autonom\u00eda, la salud y la productividad de los adultos mayores.<br><\/p>\n\n\n\n<p>Para lograr este proyecto, se requiere de un trabajo arduo e interdisciplinario en conjunto con otras direcciones y secretar\u00edas, para poder llegar a los barrios, con el deporte. Es necesario planificar un programa de acondicionamientos de espacios para realizar actividad f\u00edsica, ya sea en la construcci\u00f3n de playones deportivos, como una pista de atletism, teniendo en cuenta que la pista de atletismo, va a ser necesaria para poder crecer con la escuela de atletismo.<br><\/p>\n\n\n\n<p>Por otro lado, me siento obligado a trabajar por un futuro m\u00e1s saludable, con m\u00e1s movimiento, con m\u00e1s inclusi\u00f3n de la sociedad, ya que teniendo en cuenta, que somos una ciudad en pleno crecimiento, y desarrollo urban\u00edstico, tenemos que pensar en un futuro m\u00e1s pleno, y evitar cometer los mismos errores que las ciudades m\u00e1s grandes, y que los pa\u00edses m\u00e1s<br> desarrollados, ya que est\u00e1n tratando de resolver ese gran problema de la movilidad y el traslado.<br> <\/p>\n\n\n\n<p>Se pensaba que crear m\u00e1s espacio para los autos mejorar\u00eda la circulaci\u00f3n, pero no. Se est\u00e1n dando cuenta que incrementa el tr\u00e1fico, generando m\u00e1s contaminaci\u00f3n, y reduciendo espacios para el peat\u00f3n. Tenemos que trabajar en la planificaci\u00f3n de una infraestructura excelente y segura para las bicicletas, que invite a la gente a subirse a la bici. De esta manera, seguimos<br> fomentando el movimiento, logrando una sociedad plena, y en constante crecimiento. Logrando as\u00ed, un ahorro en la contaminaci\u00f3n, en salud y en la econom\u00eda, ya que se espera una disminuci\u00f3n en los accidentes de tr\u00e1nsito, una mejora en la salud de cada individuo, logrando prevenir as\u00ed,<br> distintas enfermedades cr\u00f3nicas, y ahorrando ese dinero tanto en medicamentos, como en el gasto del veh\u00edculo. Seg\u00fan cita Huffingtonpost, el flamante diario espa\u00f1ol, las personas que van en bicicleta cuatro d\u00edas a la semana reducen el riesgo de estr\u00e9s hasta el 52%, en comparaci\u00f3n con<br> las que no pedalean nunca. <\/p>\n\n\n\n<p>Los resultados de la investigaci\u00f3n que realizaron muestran que el<br> riesgo de padecer estr\u00e9s, es menor cuando el entorno urbano es m\u00e1s amigable para ir en bicicleta, por ejemplo cuando existen estaciones p\u00fablicas cercanas y carriles bici. De esta manera, el estudio concluye que un dise\u00f1o del entorno urbano que tenga en cuenta la bicicleta puede<br> potenciar el uso de este medio de transporte y reducir el riesgo de estr\u00e9s. De manera breve podr\u00eda definirse el estr\u00e9s como un estado f\u00edsico y mental en el que entramos como respuesta a acontecimientos estresantes. Las respuestas ante el estr\u00e9s no son solo conductuales, aunque esta<br> sea la \u00fanica respuesta que directamente sea observable. Las respuestas fisiol\u00f3gicas y endocrinas van encaminadas al aumento de la energ\u00eda del individuo para que este pueda responder al est\u00edmulo de una manera r\u00e1pida y eficaz. Para ello se activa el sistema nervioso aut\u00f3nomo, sistema inmunol\u00f3gico y el sistema endocrino segrega epinefrina, norepinefrina y esteroides. La exposici\u00f3n a situaciones estresantes durante un largo per\u00edodo de tiempo puede provocar o intensificar los siguientes trastornos f\u00edsicos: enfermedades coronarias, trastornos dermatol\u00f3gicos, endocrinos, gastrointestinales respiratorios, problemas musculares y articulatorios,<br> inmunol\u00f3gicos etc. Tambi\u00e9n el estr\u00e9s es el agravante de m\u00faltiples enfermedades de origen psicol\u00f3gico, como el alzheimer, la depresi\u00f3n, los trastornos de ansiedad, etc.<br> <\/p>\n\n\n\n<p>Haciendo referencia a los beneficios que nos aporta este cl\u00e1sico medio de transporte quiero hacer \u00e9nfasis en su uso dentro de nuestra ciudad, motivando, tanto con actividades culturales, que involucren a todos los chicos que concurren a las escuelas realizando recorridos guiados,<br> como agilizando el tr\u00e1fico del centro, generando bicisendas y espacios amables para dejar la bicicleta asegurada, ya que en el lugar que ocupa un auto estacionado podemos colocar un bicicletero para al menos diez bicicletas.<br> <br> Para ir finalizando otra de las prioridades que considero resaltar, es seguir con las refacciones del Estadio Municipal, ya que al ser un edificio antiguo, en su momento no se le brind\u00f3 el mantenimiento correspondiente, y los arreglos que necesita son algunos un tanto costosos los cuales se va a seguir trabajando en el \u201cproyecto intervenci\u00f3n estadio municipal\u201d, el cual fue<br> armado por los arquitectos municipales. Si bien, se estuvieron haciendo arreglos importantes en el establecimiento, faltan otras obras de igual importancia, como la restauraci\u00f3n del piso parque del gimnasio, y el acondicionamiento necesario de la cancha de futbol.<br><\/p>\n\n\n\n<p>Considero, a este proyecto de vital importancia para el crecimiento de la ciudad ya que evidentemente, la prosperidad econ\u00f3mica aporta muchas cosas buenas a las ciudades, como nuevos edificios, crecimiento de la poblaci\u00f3n, m\u00e1s trabajo, nuevas tiendas y m\u00e1s oportunidades. Pero no es suficiente. Al contrario, una ciudad con elevados niveles de felicidad es a menudo una ciudad que ha invertido en los placeres m\u00e1s sencillos: crear una sensaci\u00f3n de comunidad y darle sentido, as\u00ed como garantizar la libertad de poder desplazarse de manera flexible.<\/p>\n\n\n\n<p> Parece que una ciudad feliz es una ciudad que dise\u00f1a una infraestructura que apoya conceptos elementales de la conexi\u00f3n humana. Por eso, este importante proyecto, engloba los temas importantes y principales, d\u00e1ndole importancia y lugar a la sociedad para que puedan participar de la toma de<br> decisiones y lograr una ciudad activa y participativa en los eventos, y actividades impulsadas por el municipio para lograr el bienestar necesario de la poblaci\u00f3n y llegar as\u00ed a una ciudad feliz.<br> <br> Resumen de los Objetivos<br> \uf0b7 Llevar el deporte a todos los barrios y localidades.<br> \uf0b7 Dise\u00f1ar estrategias para promover la participaci\u00f3n de los integrantes del barrio.<br> \uf0b7 Lograr la igualdad de oportunidades para todos los habitantes de la comunidad.<br> \uf0b7 Trabajar conjuntamente con los padres, ni\u00f1os, coordinadores, profesores, profesionales<br> de la salud etc.<br> \uf0b7 Promover la participaci\u00f3n de los j\u00f3venes en los diferentes \u00e1mbitos de la sociedad.<br> \uf0b7 Fomentar los encuentros y torneos interescolares.<br> \uf0b7 Organizar las olimpiadas municipales para el personal.<br> \uf0b7 Aumentar las oportunidades para los deportes adaptados.<br> \uf0b7 Mantener a las personas en una actividad f\u00edsica continua y constante.<br> \uf0b7 Promocionar actividad f\u00edsica y recreativa para adultos mayores.<br> \uf0b7 Refaccionar los edificios municipales deportivos. Fomentar el uso de la bicicleta.<br> \uf0b7 Dise\u00f1ar nuevos espacios deportivos y de recreaci\u00f3n en distintos puntos de la ciudad.<\/p>\n","protected":false},"excerpt":{"rendered":"<p>Tiene como objetivo\u00a0 llevar el deporte a todos los barrios y localidades, adem\u00e1s proyecta reparar el Gimnasio, reabrir la escuela de Atletismo y crear una para las personas con discapacidad.\u00a0 El Director de Deportes, Ramiro S\u00e1nchez Negrete, elev\u00f3 un proyecto al intendente Cecilio Salazar donde expresa cuales son sus ideales para trabajar en el corriente [&hellip;]<\/p>\n","protected":false},"author":4,"featured_media":67892,"comment_status":"open","ping_status":"closed","sticky":false,"template":"","format":"standard","meta":{"om_disable_all_campaigns":false,"_jetpack_memberships_contains_paid_content":false,"footnotes":""},"categories":[50,101,2],"tags":[],"class_list":["post-67891","post","type-post","status-publish","format-standard","has-post-thumbnail","hentry","category-destacadas","category-interes-general-locales","category-locales"],"aioseo_notices":[],"gutentor_comment":1,"jetpack_featured_media_url":"https:\/\/eldiariodesanpedro.com.ar\/sitio\/wp-content\/uploads\/2020\/01\/52987172_1184164181757559_2444500745555279872_n.jpg","jetpack_shortlink":"https:\/\/wp.me\/p6RhLt-hF1","jetpack_sharing_enabled":true,"_links":{"self":[{"href":"https:\/\/eldiariodesanpedro.com.ar\/sitio\/wp-json\/wp\/v2\/posts\/67891","targetHints":{"allow":["GET"]}}],"collection":[{"href":"https:\/\/eldiariodesanpedro.com.ar\/sitio\/wp-json\/wp\/v2\/posts"}],"about":[{"href":"https:\/\/eldiariodesanpedro.com.ar\/sitio\/wp-json\/wp\/v2\/types\/post"}],"author":[{"embeddable":true,"href":"https:\/\/eldiariodesanpedro.com.ar\/sitio\/wp-json\/wp\/v2\/users\/4"}],"replies":[{"embeddable":true,"href":"https:\/\/eldiariodesanpedro.com.ar\/sitio\/wp-json\/wp\/v2\/comments?post=67891"}],"version-history":[{"count":1,"href":"https:\/\/eldiariodesanpedro.com.ar\/sitio\/wp-json\/wp\/v2\/posts\/67891\/revisions"}],"predecessor-version":[{"id":67893,"href":"https:\/\/eldiariodesanpedro.com.ar\/sitio\/wp-json\/wp\/v2\/posts\/67891\/revisions\/67893"}],"wp:featuredmedia":[{"embeddable":true,"href":"https:\/\/eldiariodesanpedro.com.ar\/sitio\/wp-json\/wp\/v2\/media\/67892"}],"wp:attachment":[{"href":"https:\/\/eldiariodesanpedro.com.ar\/sitio\/wp-json\/wp\/v2\/media?parent=67891"}],"wp:term":[{"taxonomy":"category","embeddable":true,"href":"https:\/\/eldiariodesanpedro.com.ar\/sitio\/wp-json\/wp\/v2\/categories?post=67891"},{"taxonomy":"post_tag","embeddable":true,"href":"https:\/\/eldiariodesanpedro.com.ar\/sitio\/wp-json\/wp\/v2\/tags?post=67891"}],"curies":[{"name":"wp","href":"https:\/\/api.w.org\/{rel}","templated":true}]}}