{"id":67879,"date":"2020-01-30T12:29:16","date_gmt":"2020-01-30T15:29:16","guid":{"rendered":"https:\/\/eldiariodesanpedro.com.ar\/sitio\/?p=67879"},"modified":"2020-01-30T12:29:56","modified_gmt":"2020-01-30T15:29:56","slug":"ate-retencion-de-tareas","status":"publish","type":"post","link":"https:\/\/eldiariodesanpedro.com.ar\/sitio\/ate-retencion-de-tareas\/","title":{"rendered":"ATE: Retenci\u00f3n de tareas"},"content":{"rendered":"<!-- VideographyWP Plugin Message: Automatic video embedding prevented by plugin options. -->\n\n<p>Este jueves se llevo adelnate una medida de fuerza de los trabajadores municipales en todas las areas.<\/p>\n\n\n\n<p>Desde el gremio de ATE madaron un comunicado a los medios locales contando el porque de la medida de fuerza.<\/p>\n\n\n\n<p>San Pedro 30 de Enero de 2020<\/p>\n\n\n\n<p><br> El d\u00eda 30 de enero de 2020 los trabajadores municipales de la ciudad de<br> San Pedro realizaremos retenci\u00f3n de tareas en todo el \u00e1mbito de la<br> municipalidad como consecuencia de la falta de consideraci\u00f3n del<br> ejecutivo local para con sus empleados. Recurrimos a esta jornada de<br> lucha puesto que nuestros reclamos no son tenidos en cuenta pese a la<br> antig\u00fcedad y reiteraci\u00f3n de los mismos.<br> Dichos reclamos son los siguientes:<br> \u25cf Pase a planta de trabajadores precarizados, (monotributistas,<br> decretos y jornalizados) quienes trabajan jornadas completas por<br> sueldos miserables y coberturas b\u00e1sicas.<br> \u25cf Que los pases a planta sean como corresponde y no solamente a<br> quienes tengan afinidad pol\u00edtica con el gobierno municipal.<br> \u25cf Que se cumpla con las recategorizaciones seg\u00fan lo previsto en<br> nuestro convenio, ya que hay trabajadores que hace a\u00f1os que no<br> est\u00e1n en las categor\u00edas que les corresponde.<br> \u25cf Pase a la \u00faltima categor\u00eda a quienes est\u00e1n pronto a jubilarse para<br> que no cobren jubilaciones de hambre, tal como se hizo en otros<br> a\u00f1os seg\u00fan el compromiso asumido en su momento por el<br> ejecutivo.<br> \u25cf Recuperaci\u00f3n del valor adquisitivo del sueldo de los empleados<br> municipales. Perdimos 20% en 2019, 15% en 2018 y otro tanto en<br> 2016 y 2017, cuatro a\u00f1os seguidos con salarios a la baja. No solo<br> perdemos nosotros, lo que dejamos de cobrar no se vuelca en la<br> econom\u00eda de nuestra ciudad.<br> \u25cf Reincorporaci\u00f3n de las 2 compa\u00f1eras despedidas a fin de 2019 sin<br> motivo que lo justifique.<br> Exigimos la reapertura de paritarias para cerrar un aumento acorde a la<br> inflaci\u00f3n del 54% del a\u00f1o 2019 y la conformaci\u00f3n de una mesa laboral<br> para tratar seriamente estos temas y encontrar la v\u00eda de la soluci\u00f3n.<br> Trabajadores Municipales de San Pedro<\/p>\n","protected":false},"excerpt":{"rendered":"<p>Este jueves se llevo adelnate una medida de fuerza de los trabajadores municipales en todas las areas. Desde el gremio de ATE madaron un comunicado a los medios locales contando el porque de la medida de fuerza. San Pedro 30 de Enero de 2020 El d\u00eda 30 de enero de 2020 los trabajadores municipales de [&hellip;]<\/p>\n","protected":false},"author":4,"featured_media":67880,"comment_status":"open","ping_status":"closed","sticky":false,"template":"","format":"standard","meta":{"om_disable_all_campaigns":false,"_jetpack_memberships_contains_paid_content":false,"footnotes":""},"categories":[101,2],"tags":[],"class_list":["post-67879","post","type-post","status-publish","format-standard","has-post-thumbnail","hentry","category-interes-general-locales","category-locales"],"aioseo_notices":[],"gutentor_comment":0,"jetpack_featured_media_url":"https:\/\/eldiariodesanpedro.com.ar\/sitio\/wp-content\/uploads\/2020\/01\/Despido-2.jpg","jetpack_shortlink":"https:\/\/wp.me\/p6RhLt-hEP","jetpack_sharing_enabled":true,"_links":{"self":[{"href":"https:\/\/eldiariodesanpedro.com.ar\/sitio\/wp-json\/wp\/v2\/posts\/67879","targetHints":{"allow":["GET"]}}],"collection":[{"href":"https:\/\/eldiariodesanpedro.com.ar\/sitio\/wp-json\/wp\/v2\/posts"}],"about":[{"href":"https:\/\/eldiariodesanpedro.com.ar\/sitio\/wp-json\/wp\/v2\/types\/post"}],"author":[{"embeddable":true,"href":"https:\/\/eldiariodesanpedro.com.ar\/sitio\/wp-json\/wp\/v2\/users\/4"}],"replies":[{"embeddable":true,"href":"https:\/\/eldiariodesanpedro.com.ar\/sitio\/wp-json\/wp\/v2\/comments?post=67879"}],"version-history":[{"count":2,"href":"https:\/\/eldiariodesanpedro.com.ar\/sitio\/wp-json\/wp\/v2\/posts\/67879\/revisions"}],"predecessor-version":[{"id":67882,"href":"https:\/\/eldiariodesanpedro.com.ar\/sitio\/wp-json\/wp\/v2\/posts\/67879\/revisions\/67882"}],"wp:featuredmedia":[{"embeddable":true,"href":"https:\/\/eldiariodesanpedro.com.ar\/sitio\/wp-json\/wp\/v2\/media\/67880"}],"wp:attachment":[{"href":"https:\/\/eldiariodesanpedro.com.ar\/sitio\/wp-json\/wp\/v2\/media?parent=67879"}],"wp:term":[{"taxonomy":"category","embeddable":true,"href":"https:\/\/eldiariodesanpedro.com.ar\/sitio\/wp-json\/wp\/v2\/categories?post=67879"},{"taxonomy":"post_tag","embeddable":true,"href":"https:\/\/eldiariodesanpedro.com.ar\/sitio\/wp-json\/wp\/v2\/tags?post=67879"}],"curies":[{"name":"wp","href":"https:\/\/api.w.org\/{rel}","templated":true}]}}