{"id":67872,"date":"2020-01-30T11:00:54","date_gmt":"2020-01-30T14:00:54","guid":{"rendered":"https:\/\/eldiariodesanpedro.com.ar\/sitio\/?p=67872"},"modified":"2020-01-30T11:00:59","modified_gmt":"2020-01-30T14:00:59","slug":"el-emotivo-homenaje-de-brenda-a-su-papa-hernan-fermin","status":"publish","type":"post","link":"https:\/\/eldiariodesanpedro.com.ar\/sitio\/el-emotivo-homenaje-de-brenda-a-su-papa-hernan-fermin\/","title":{"rendered":"El emotivo homenaje de Brenda a su pap\u00e1 Hern\u00e1n Ferm\u00edn"},"content":{"rendered":"<!-- VideographyWP Plugin Message: Automatic video embedding prevented by plugin options. -->\n\n<p>El camionero sampedrino falleci\u00f3 en Tucum\u00e1n tras sufrir una descompensaci\u00f3n card\u00edaca en el a\u00f1o 2009. A trav\u00e9s de las redes sociales su hija lo homenaje\u00f3 con un sentido recordatorio. \u201cSapin\u201d Ferm\u00edn fue hallado sin vida en la cabina de su propio cami\u00f3n al costado de la ruta. \u00a0<\/p>\n\n\n\n<p>El 29 de enero de 2009 Hern\u00e1n Jorge Ferm\u00edn, o \u201cSap\u00edn\u201d como lo llamaban sus amigos, fallec\u00eda en la provincia de Tucum\u00e1n como producto de un paro card\u00edaco. El camionero sampedrino hab\u00eda emprendido un viaje y su familia advirti\u00f3 que algo no andaba bien cuando \u00e9l avis\u00f3 que no se sent\u00ed bien y cuando quisieron comunicarse con \u00e9l ya no contest\u00f3. Posteriormente su cami\u00f3n fue encontrado a la vera de la ruta con el cuerpo del chofer fallecido en la cabina.<\/p>\n\n\n\n<p>El dolor es insuperable y su hija Brenda decidi\u00f3 exponerlo a trav\u00e9s de las redes sociales con un emotivo recordatorio.<\/p>\n\n\n\n<p><em>\u201cHola c\u00f3mo est\u00e1n? Mi nombre es Brenda Ferm\u00edn, soy hija de un camionero que tristemente ya no est\u00e1 m\u00e1s entre nosotros. Mi pap\u00e1 era Hern\u00e1n Jorge Fermin de San Pedro provincia de Bs As, donde hizo su \u00faltimo viaje a Tucum\u00e1n, donde falleci\u00f3 arriba de su cami\u00f3n en el a\u00f1o 2009 de un infarto. Hoy se cumplen 11 a\u00f1os de su muerte y ten\u00eda ganas de recordarlo como siempre lo hago contando de c\u00f3mo fue su historia a la hora de partir. Mi pap\u00e1 antes de irse ya se fue descompuesto y mal pero ten\u00eda que cumplir con su deber, a lo que fui a saludarlo antes de que viajar\u00e1 y me dijo \u00abgorda reza por mi que no se si vuelvo\u00bb a lo que yo le contest\u00e9 papi mira lo que me dec\u00eds&#8230; Pero as\u00ed fue, hizo su \u00faltimo viaje y ya nunca m\u00e1s volvi\u00f3.<br>La \u00faltima charla que tuvo con mi mama le dijo que se sent\u00eda perdido y con mucha fiebre, ya despu\u00e9s nadie m\u00e1s pudo comunicarse con el ya que no respond\u00eda las llamadas ni mensajes. Fueron d\u00edas muy tristes y de desesperaci\u00f3n para todos ya que nadie sab\u00eda nada de \u00e9l.<br>Un jueves 29 de enero de 2009 nos dieron la noticia m\u00e1s dura, que hab\u00edan encontrado a mi pap\u00e1 fallecido en su cami\u00f3n pasando el arco de Tucum\u00e1n, m\u00e1s precisamente pasando el peaje, donde a metros estaciono su cami\u00f3n y ah\u00ed estuvo d\u00edas sin vida hasta que lo encontr\u00f3 un compa\u00f1ero y amigo. Falleci\u00f3 en su Mercedes Benz 1938 al que tanto cuidaba. Siempre digo que mi pap\u00e1 dejo su vida en el cami\u00f3n ya que disfrutaba de lo que hac\u00eda. Quise compartirles su historia ya que los sigo desde siempre y leo cada cosa que escriben, los sigo desde muy cerca porque tuve mi pap\u00e1 camionero y al ver casa historia ac\u00e1 me hace que lo pueda sentir m\u00e1s cerca m\u00edo a mi viejo\u2661<br>En el a\u00f1o 2017 le ped\u00ed a mi mam\u00e1 que me llevar\u00e1 a ese lugar en Tucum\u00e1n donde mi pap\u00e1 hab\u00eda estado por \u00faltima vez, ten\u00eda la necesidad de poder estar ah\u00ed y lo hice. En ese lugar donde el falleci\u00f3 donde antes mencion\u00e9 deje una cruz de madera con la fecha en que no avisaron que encontraron a mi pap\u00e1 fallecido, escrito junto a la fecha su apodo por el que todos conoc\u00edan, Sapin o Sapinucho. As\u00ed que cuando los camioneros pasen por ah\u00ed y quiz\u00e1s no sepan de que se trata esa cruz, se trata de mi pap\u00e1 y de lo que a \u00e9l le paso. Les mando un fuerte abrazo y le pido a Dios siempre que los cuide en cada viaje y en cada ruta.<br><br>Brenda Fermin<br>Saludos de todo coraz\u00f3n de San Pedro Bs As\u201d<\/em><\/p>\n\n\n\n<p>Fuente: San Pedro Informa<\/p>\n","protected":false},"excerpt":{"rendered":"<p>El camionero sampedrino falleci\u00f3 en Tucum\u00e1n tras sufrir una descompensaci\u00f3n card\u00edaca en el a\u00f1o 2009. A trav\u00e9s de las redes sociales su hija lo homenaje\u00f3 con un sentido recordatorio. \u201cSapin\u201d Ferm\u00edn fue hallado sin vida en la cabina de su propio cami\u00f3n al costado de la ruta. \u00a0 El 29 de enero de 2009 Hern\u00e1n [&hellip;]<\/p>\n","protected":false},"author":4,"featured_media":67873,"comment_status":"open","ping_status":"closed","sticky":false,"template":"","format":"standard","meta":{"om_disable_all_campaigns":false,"_jetpack_memberships_contains_paid_content":false,"footnotes":""},"categories":[101,2],"tags":[],"class_list":["post-67872","post","type-post","status-publish","format-standard","has-post-thumbnail","hentry","category-interes-general-locales","category-locales"],"aioseo_notices":[],"gutentor_comment":0,"jetpack_featured_media_url":"https:\/\/eldiariodesanpedro.com.ar\/sitio\/wp-content\/uploads\/2020\/01\/000082088.jpg","jetpack_shortlink":"https:\/\/wp.me\/p6RhLt-hEI","jetpack_sharing_enabled":true,"_links":{"self":[{"href":"https:\/\/eldiariodesanpedro.com.ar\/sitio\/wp-json\/wp\/v2\/posts\/67872","targetHints":{"allow":["GET"]}}],"collection":[{"href":"https:\/\/eldiariodesanpedro.com.ar\/sitio\/wp-json\/wp\/v2\/posts"}],"about":[{"href":"https:\/\/eldiariodesanpedro.com.ar\/sitio\/wp-json\/wp\/v2\/types\/post"}],"author":[{"embeddable":true,"href":"https:\/\/eldiariodesanpedro.com.ar\/sitio\/wp-json\/wp\/v2\/users\/4"}],"replies":[{"embeddable":true,"href":"https:\/\/eldiariodesanpedro.com.ar\/sitio\/wp-json\/wp\/v2\/comments?post=67872"}],"version-history":[{"count":1,"href":"https:\/\/eldiariodesanpedro.com.ar\/sitio\/wp-json\/wp\/v2\/posts\/67872\/revisions"}],"predecessor-version":[{"id":67874,"href":"https:\/\/eldiariodesanpedro.com.ar\/sitio\/wp-json\/wp\/v2\/posts\/67872\/revisions\/67874"}],"wp:featuredmedia":[{"embeddable":true,"href":"https:\/\/eldiariodesanpedro.com.ar\/sitio\/wp-json\/wp\/v2\/media\/67873"}],"wp:attachment":[{"href":"https:\/\/eldiariodesanpedro.com.ar\/sitio\/wp-json\/wp\/v2\/media?parent=67872"}],"wp:term":[{"taxonomy":"category","embeddable":true,"href":"https:\/\/eldiariodesanpedro.com.ar\/sitio\/wp-json\/wp\/v2\/categories?post=67872"},{"taxonomy":"post_tag","embeddable":true,"href":"https:\/\/eldiariodesanpedro.com.ar\/sitio\/wp-json\/wp\/v2\/tags?post=67872"}],"curies":[{"name":"wp","href":"https:\/\/api.w.org\/{rel}","templated":true}]}}