{"id":67869,"date":"2020-01-30T10:52:47","date_gmt":"2020-01-30T13:52:47","guid":{"rendered":"https:\/\/eldiariodesanpedro.com.ar\/sitio\/?p=67869"},"modified":"2020-01-30T10:52:52","modified_gmt":"2020-01-30T13:52:52","slug":"campana-se-quedo-dormido-nuevo-choque-sobre-ruta-6","status":"publish","type":"post","link":"https:\/\/eldiariodesanpedro.com.ar\/sitio\/campana-se-quedo-dormido-nuevo-choque-sobre-ruta-6\/","title":{"rendered":"CAMPANA | Se qued\u00f3 dormido: Nuevo choque sobre Ruta 6"},"content":{"rendered":"<!-- VideographyWP Plugin Message: Automatic video embedding prevented by plugin options. -->\n\n<p> El hecho transcurri\u00f3 en horas de la ma\u00f1ana, cuando el conductor de un autom\u00f3vil pierde el control, aparentemente debido al sue\u00f1o, e impacta con el guard rail. En el lugar se hicieron presentes Bomberos y CP local.<\/p>\n\n\n\n<p>\n\nEran alrededor de las 6:30 de la ma\u00f1ana en la jornada de ayer cuando un conductor a bordo de un autom\u00f3vil marca Chrysler circulaba por la carretera en direcci\u00f3n a Luj\u00e1n, pierde el control del veh\u00edculo y acaba impactando con el guard rail a la altura del Barrio Los Pioneros.<\/p>\n\n\n\n<p>Seg\u00fan la informaci\u00f3n trascendida, la persona que maniobrara el autom\u00f3vil, oriunda de la localidad de Pilar en direcci\u00f3n a su trabajo, se habr\u00eda quedado dormida al volante, raz\u00f3n por la cual se desencaden\u00f3 el siniestro. Como resultado de la colisi\u00f3n, el conductor acab\u00f3 recibiendo fracturas en una de sus piernas.<\/p>\n\n\n\n<p>Arrib\u00f3 al lugar r\u00e1pidamente el m\u00f3vil N\u00b043 de Bomberos Voluntarios, a cargo del Oficial Sebasti\u00e1n Lauque, quien se vio obligado a cortar la puerta del veh\u00edculo para poder retirar a la persona herida, mediante el uso de una tijera hidr\u00e1ulica. Posteriormente, el mismo m\u00f3vil se encarg\u00f3 de conducirlo al Hospital Municipal San Jos\u00e9.<\/p>\n\n\n\n<p>Tambi\u00e9n form\u00f3 parte del operativo un m\u00f3vil del Comando Patrulla local. <\/p>\n\n\n\n<p>Fuente: Campana Noticias<\/p>\n","protected":false},"excerpt":{"rendered":"<p>El hecho transcurri\u00f3 en horas de la ma\u00f1ana, cuando el conductor de un autom\u00f3vil pierde el control, aparentemente debido al sue\u00f1o, e impacta con el guard rail. En el lugar se hicieron presentes Bomberos y CP local. Eran alrededor de las 6:30 de la ma\u00f1ana en la jornada de ayer cuando un conductor a bordo [&hellip;]<\/p>\n","protected":false},"author":4,"featured_media":67870,"comment_status":"open","ping_status":"closed","sticky":false,"template":"","format":"standard","meta":{"om_disable_all_campaigns":false,"_jetpack_memberships_contains_paid_content":false,"footnotes":""},"categories":[621],"tags":[],"class_list":["post-67869","post","type-post","status-publish","format-standard","has-post-thumbnail","hentry","category-regionales"],"aioseo_notices":[],"gutentor_comment":0,"jetpack_featured_media_url":"https:\/\/eldiariodesanpedro.com.ar\/sitio\/wp-content\/uploads\/2020\/01\/20200129104241.jpg","jetpack_shortlink":"https:\/\/wp.me\/p6RhLt-hEF","jetpack_sharing_enabled":true,"_links":{"self":[{"href":"https:\/\/eldiariodesanpedro.com.ar\/sitio\/wp-json\/wp\/v2\/posts\/67869","targetHints":{"allow":["GET"]}}],"collection":[{"href":"https:\/\/eldiariodesanpedro.com.ar\/sitio\/wp-json\/wp\/v2\/posts"}],"about":[{"href":"https:\/\/eldiariodesanpedro.com.ar\/sitio\/wp-json\/wp\/v2\/types\/post"}],"author":[{"embeddable":true,"href":"https:\/\/eldiariodesanpedro.com.ar\/sitio\/wp-json\/wp\/v2\/users\/4"}],"replies":[{"embeddable":true,"href":"https:\/\/eldiariodesanpedro.com.ar\/sitio\/wp-json\/wp\/v2\/comments?post=67869"}],"version-history":[{"count":1,"href":"https:\/\/eldiariodesanpedro.com.ar\/sitio\/wp-json\/wp\/v2\/posts\/67869\/revisions"}],"predecessor-version":[{"id":67871,"href":"https:\/\/eldiariodesanpedro.com.ar\/sitio\/wp-json\/wp\/v2\/posts\/67869\/revisions\/67871"}],"wp:featuredmedia":[{"embeddable":true,"href":"https:\/\/eldiariodesanpedro.com.ar\/sitio\/wp-json\/wp\/v2\/media\/67870"}],"wp:attachment":[{"href":"https:\/\/eldiariodesanpedro.com.ar\/sitio\/wp-json\/wp\/v2\/media?parent=67869"}],"wp:term":[{"taxonomy":"category","embeddable":true,"href":"https:\/\/eldiariodesanpedro.com.ar\/sitio\/wp-json\/wp\/v2\/categories?post=67869"},{"taxonomy":"post_tag","embeddable":true,"href":"https:\/\/eldiariodesanpedro.com.ar\/sitio\/wp-json\/wp\/v2\/tags?post=67869"}],"curies":[{"name":"wp","href":"https:\/\/api.w.org\/{rel}","templated":true}]}}