{"id":67866,"date":"2020-01-30T10:50:20","date_gmt":"2020-01-30T13:50:20","guid":{"rendered":"https:\/\/eldiariodesanpedro.com.ar\/sitio\/?p=67866"},"modified":"2020-01-30T10:50:25","modified_gmt":"2020-01-30T13:50:25","slug":"ramallo-buscan-poner-en-regla-las-concesiones-de-la-costa","status":"publish","type":"post","link":"https:\/\/eldiariodesanpedro.com.ar\/sitio\/ramallo-buscan-poner-en-regla-las-concesiones-de-la-costa\/","title":{"rendered":"RAMALLO | Buscan poner en regla las concesiones de la costa"},"content":{"rendered":"<!-- VideographyWP Plugin Message: Automatic video embedding prevented by plugin options. -->\n\n<p> El Ejecutivo municipal busca ordenar los papeles de las concesiones de la costa de Ramallo. Hace unos d\u00edas se reunieron los representantes de los paradores y campings concesionados con autoridades municipales. Adem\u00e1s informaron que hay interesados en invertir en la costa y sumar m\u00e1s rubros. <\/p>\n\n\n\n<p> La administraci\u00f3n de Gustavo Perie quiere poner en regla las concesiones de la costa de Ramallo, y para esto comenz\u00f3 a controlar los contratos firmados. Por esto, parte de su gabinete estuvo reunido con empresarios e instituciones que operan en la zona balnearia, para acercar posiciones y dar a conocer el proyecto. <\/p>\n\n\n\n<p> La administraci\u00f3n de Gustavo Perie quiere poner en regla las concesiones de la costa de Ramallo, y para esto comenz\u00f3 a controlar los contratos firmados. Por esto, parte de su gabinete estuvo reunido con empresarios e instituciones que operan en la zona balnearia, para acercar posiciones y dar a conocer el proyecto. <\/p>\n\n\n\n<p>El responsable del \u00e1rea de Desarrollo Local, Marcos Pro, se refiri\u00f3 a la reuni\u00f3n, y explic\u00f3 que \u201ccada parador tiene una situaci\u00f3n particular, por eso tenemos que sentarnos uno por uno. Ya revisamos expediente por expediente con la abogada de la secretaria, donde buscamos que cada caso se emprolije y se encauce en lo que plantea cada pliego que fue firmado en su momento. Hay concesiones a entidades p\u00fablicas, otras abiertas, con distintos tiempos de duraci\u00f3n y condiciones\u201d.<\/p>\n\n\n\n<p>La primer exigencia que realizo el Municipio fue pedir que cada parador o concesi\u00f3n tenga vigente el seguro de responsabilidad civil. \u201cVamos ir avanzando por puntos, el primero es exigir el seguro de responsabilidad civil, luego ir avanzando en el \u00e1rea de obra p\u00fablica, tributos, seguridad e higiene y habilitaciones\u201d, detall\u00f3 Pro. Cada expediente de concesi\u00f3n expresa una serie de obras y mejoras que los empresarios deben realizar, sobre ese punto, el municipio intentara regularizarlo. Luego una actualizaci\u00f3n de las deudas, si existieran.<\/p>\n\n\n\n<p> Por parte del sector de los concesionarios, pidieron al municipio mayor presencia en los controles nocturnos, seguridad tanto en zona de costa como en la zona de caba\u00f1as. Desde el municipio confirmaron que \u201cel pedido fue elevado a la secretaria de Seguridad, ya que todos coincid\u00edan con este pedido\u201d. <\/p>\n\n\n\n<p>Tambi\u00e9n descartaron desde el Ejecutivo que se vayan a \u201crever las concesiones\u201d. El secretario Pro dijo que \u201cla postura del municipio es la necesidad de que todos contin\u00faen trabajando. Pero tenemos plazos para ir regulariz\u00e1ndose. Por el momento hay dos concesiones libres, que se han vencido el plazo, en el corto tiempo vamos a estar llamando a licitaciones. Ya tenemos empresas y particulares que tiene intenciones de invertir en la costa\u201d.<\/p>\n\n\n\n<p>Desde el Municipio estudian la posibilidad de expandir las concesiones a otros rubros. \u201cTenemos que ampliarnos en infraestructura y servicios. Tenemos por fin de semana una afluencia de 8500 personas, hay que satisfacer esa demanda. Por eso queremos abrir m\u00e1s licitaciones, para ir sumando servicios a la costa\u201d, sostuvo el funcionario.<\/p>\n\n\n\n<p>Fuente: Ramallo Ciudad<\/p>\n","protected":false},"excerpt":{"rendered":"<p>El Ejecutivo municipal busca ordenar los papeles de las concesiones de la costa de Ramallo. Hace unos d\u00edas se reunieron los representantes de los paradores y campings concesionados con autoridades municipales. Adem\u00e1s informaron que hay interesados en invertir en la costa y sumar m\u00e1s rubros. La administraci\u00f3n de Gustavo Perie quiere poner en regla las [&hellip;]<\/p>\n","protected":false},"author":4,"featured_media":67867,"comment_status":"open","ping_status":"closed","sticky":false,"template":"","format":"standard","meta":{"om_disable_all_campaigns":false,"_jetpack_memberships_contains_paid_content":false,"footnotes":""},"categories":[621],"tags":[],"class_list":["post-67866","post","type-post","status-publish","format-standard","has-post-thumbnail","hentry","category-regionales"],"aioseo_notices":[],"gutentor_comment":0,"jetpack_featured_media_url":"https:\/\/eldiariodesanpedro.com.ar\/sitio\/wp-content\/uploads\/2020\/01\/paradores.jpg","jetpack_shortlink":"https:\/\/wp.me\/p6RhLt-hEC","jetpack_sharing_enabled":true,"_links":{"self":[{"href":"https:\/\/eldiariodesanpedro.com.ar\/sitio\/wp-json\/wp\/v2\/posts\/67866","targetHints":{"allow":["GET"]}}],"collection":[{"href":"https:\/\/eldiariodesanpedro.com.ar\/sitio\/wp-json\/wp\/v2\/posts"}],"about":[{"href":"https:\/\/eldiariodesanpedro.com.ar\/sitio\/wp-json\/wp\/v2\/types\/post"}],"author":[{"embeddable":true,"href":"https:\/\/eldiariodesanpedro.com.ar\/sitio\/wp-json\/wp\/v2\/users\/4"}],"replies":[{"embeddable":true,"href":"https:\/\/eldiariodesanpedro.com.ar\/sitio\/wp-json\/wp\/v2\/comments?post=67866"}],"version-history":[{"count":1,"href":"https:\/\/eldiariodesanpedro.com.ar\/sitio\/wp-json\/wp\/v2\/posts\/67866\/revisions"}],"predecessor-version":[{"id":67868,"href":"https:\/\/eldiariodesanpedro.com.ar\/sitio\/wp-json\/wp\/v2\/posts\/67866\/revisions\/67868"}],"wp:featuredmedia":[{"embeddable":true,"href":"https:\/\/eldiariodesanpedro.com.ar\/sitio\/wp-json\/wp\/v2\/media\/67867"}],"wp:attachment":[{"href":"https:\/\/eldiariodesanpedro.com.ar\/sitio\/wp-json\/wp\/v2\/media?parent=67866"}],"wp:term":[{"taxonomy":"category","embeddable":true,"href":"https:\/\/eldiariodesanpedro.com.ar\/sitio\/wp-json\/wp\/v2\/categories?post=67866"},{"taxonomy":"post_tag","embeddable":true,"href":"https:\/\/eldiariodesanpedro.com.ar\/sitio\/wp-json\/wp\/v2\/tags?post=67866"}],"curies":[{"name":"wp","href":"https:\/\/api.w.org\/{rel}","templated":true}]}}