{"id":6783,"date":"2016-08-05T11:15:23","date_gmt":"2016-08-05T14:15:23","guid":{"rendered":"https:\/\/eldiariodesanpedro.com.ar\/sitio\/?p=6783"},"modified":"2026-01-24T00:32:57","modified_gmt":"2026-01-24T03:32:57","slug":"domingo-de-finales-y-definiciones-en-tres-categorias-parana-en-su-cancha-recibe-a-gral-san-martin","status":"publish","type":"post","link":"https:\/\/eldiariodesanpedro.com.ar\/sitio\/domingo-de-finales-y-definiciones-en-tres-categorias-parana-en-su-cancha-recibe-a-gral-san-martin\/","title":{"rendered":"Domingo de finales y definiciones en tres categor\u00edas, Paran\u00e1 en su cancha recibe a Gral. San Mart\u00edn"},"content":{"rendered":"<p><!-- VideographyWP Plugin Message: Automatic video embedding prevented by plugin options. --><br \/>\nLos partidos definitorios del torneo Apertura \u00abMario Alves\u00bb de la Liga Sampedrina para la URL San Pedro-Baradero se disputar\u00e1n en su totalidad ma\u00f1ana con los partidos revanchas de primera, segunda y sexta divisi\u00f3n.<br \/>\nEn los mayores, a las 15.00 horas, Paran\u00e1 tratar\u00e1 de mantener la diferencia m\u00ednima lograda (1-0) como visitante y define en su casa ante Gral. San Mart\u00edn. Dirige terna de Villa Constituci\u00f3n, pertenecientes al colegio de la liga sampedrina. Ser\u00e1 transmisi\u00f3n de El Cl\u00e1sico por FM G\u00e9nesis desde las 14.00 horas.<br \/>\nEn segunda divisi\u00f3n el 0-0 del cotejo de ida los deja en igualdad de condiciones a Sportivo Baradero y Agricultores, partido que comenzar\u00e1 a las 15.30 horas en el Polideportivo del \u00abLobo\u00bb.<br \/>\nEn sexta la gran diferencia la hizo el \u00abRojo\u00bb de visitante donde gan\u00f3 4-0. Mitre-Sportivo va desde las 13.00 en el Estadio Municipal.<\/p>\n","protected":false},"excerpt":{"rendered":"<p>Los partidos definitorios del torneo Apertura \u00abMario Alves\u00bb de la Liga Sampedrina para la URL San Pedro-Baradero se disputar\u00e1n en su totalidad ma\u00f1ana con los partidos revanchas de primera, segunda y sexta divisi\u00f3n. En los mayores, a las 15.00 horas, Paran\u00e1 tratar\u00e1 de mantener la diferencia m\u00ednima lograda (1-0) como visitante y define en su [&hellip;]<\/p>\n","protected":false},"author":4,"featured_media":6784,"comment_status":"open","ping_status":"closed","sticky":false,"template":"","format":"standard","meta":{"om_disable_all_campaigns":false,"_jetpack_memberships_contains_paid_content":false,"footnotes":""},"categories":[5],"tags":[],"class_list":["post-6783","post","type-post","status-publish","format-standard","has-post-thumbnail","hentry","category-deportes"],"aioseo_notices":[],"gutentor_comment":0,"jetpack_featured_media_url":"https:\/\/eldiariodesanpedro.com.ar\/sitio\/wp-content\/uploads\/2016\/08\/1-1.jpg","jetpack_shortlink":"https:\/\/wp.me\/p6RhLt-1Lp","jetpack_sharing_enabled":true,"_links":{"self":[{"href":"https:\/\/eldiariodesanpedro.com.ar\/sitio\/wp-json\/wp\/v2\/posts\/6783","targetHints":{"allow":["GET"]}}],"collection":[{"href":"https:\/\/eldiariodesanpedro.com.ar\/sitio\/wp-json\/wp\/v2\/posts"}],"about":[{"href":"https:\/\/eldiariodesanpedro.com.ar\/sitio\/wp-json\/wp\/v2\/types\/post"}],"author":[{"embeddable":true,"href":"https:\/\/eldiariodesanpedro.com.ar\/sitio\/wp-json\/wp\/v2\/users\/4"}],"replies":[{"embeddable":true,"href":"https:\/\/eldiariodesanpedro.com.ar\/sitio\/wp-json\/wp\/v2\/comments?post=6783"}],"version-history":[{"count":1,"href":"https:\/\/eldiariodesanpedro.com.ar\/sitio\/wp-json\/wp\/v2\/posts\/6783\/revisions"}],"predecessor-version":[{"id":6785,"href":"https:\/\/eldiariodesanpedro.com.ar\/sitio\/wp-json\/wp\/v2\/posts\/6783\/revisions\/6785"}],"wp:featuredmedia":[{"embeddable":true,"href":"https:\/\/eldiariodesanpedro.com.ar\/sitio\/wp-json\/wp\/v2\/media\/6784"}],"wp:attachment":[{"href":"https:\/\/eldiariodesanpedro.com.ar\/sitio\/wp-json\/wp\/v2\/media?parent=6783"}],"wp:term":[{"taxonomy":"category","embeddable":true,"href":"https:\/\/eldiariodesanpedro.com.ar\/sitio\/wp-json\/wp\/v2\/categories?post=6783"},{"taxonomy":"post_tag","embeddable":true,"href":"https:\/\/eldiariodesanpedro.com.ar\/sitio\/wp-json\/wp\/v2\/tags?post=6783"}],"curies":[{"name":"wp","href":"https:\/\/api.w.org\/{rel}","templated":true}]}}