{"id":67787,"date":"2020-01-29T09:51:33","date_gmt":"2020-01-29T12:51:33","guid":{"rendered":"https:\/\/eldiariodesanpedro.com.ar\/sitio\/?p=67787"},"modified":"2020-01-29T09:51:39","modified_gmt":"2020-01-29T12:51:39","slug":"baradero-la-policia-se-enfrento-a-un-sujeto-armado-que-amenazaba-a-vecinos-en-el-barrio-las-campanillas","status":"publish","type":"post","link":"https:\/\/eldiariodesanpedro.com.ar\/sitio\/baradero-la-policia-se-enfrento-a-un-sujeto-armado-que-amenazaba-a-vecinos-en-el-barrio-las-campanillas\/","title":{"rendered":"BARADERO | La polic\u00eda se enfrent\u00f3 a un sujeto armado que amenazaba a vecinos en el barrio \u201cLas Campanillas\u201d"},"content":{"rendered":"<!-- VideographyWP Plugin Message: Automatic video embedding prevented by plugin options. -->\n\n<p>Fue este s\u00e1bado promediando las 21 horas cuando un hombre que viajaba a bordo de un cami\u00f3n, luego de insultar a personas que se encontraban en el lugar, descendi\u00f3 del mismo amenaz\u00e1ndolos con un arma de fuego.<\/p>\n\n\n\n<p>Tras un llamado al 911 personal policial arrib\u00f3 al lugar donde luego de efectuar disparos pudieron reducir al sujeto que respondi\u00f3 violentamente contra ellos.<\/p>\n\n\n\n<p>El hombre fue detenido al igual que la mujer que lo acompa\u00f1aba en el veh\u00edculo. En La ma\u00f1ana de Tu Radio el subcomisario Fabian Duarte brind\u00f3 detalles de lo ocurrido.<\/p>\n\n\n\n<p>PARTES POLICIAL: Fecha 25 cte., personal policial esta, se dirige a Maip\u00fa entre San Lorenzo y Liaudat esta, ra\u00edz llamado telef\u00f3nico de que un sujeto del sexo masculino hab\u00eda amenazado de muerte con arma de fuego, a bordo de un cami\u00f3n a otras personas.- Constituido en el lugar, logran interceptar a dicho cami\u00f3n.- Del mismo desciende, un masculino, portando un revolver, con el cual apunta a uniformados.- Se Raz\u00f3n por la cual, los mismos se ponen a resguardo.- Masculino efect\u00faa disparos hacia los uniformados, raz\u00f3n por la cual se repele la agresi\u00f3n, con su arma reglamentaria provista pistola calibre 9 mm, hacia lugar inerte.- Tras lo cual, masculino arroja arma de fuego hacia descampado.- Al momento que los uniformados tratan de secuestrar dicha arma de fuego, se acercan varios masculinos, los cuales tratan de arrebatar el arma de fuego secuestrada, inici\u00e1ndose as\u00ed una gresca en el lugar.- Logr\u00e1ndose la aprehensi\u00f3n del masculino y la femenina que lo acompa\u00f1aba, quien al tratar de liberar a masculino, muerde la oreja izquierda efectivo.- Consecuencias hecho, Efectivos policiales, presentan lesiones de diversas consideraciones, hall\u00e1ndose fuera de peligro.- Arma secuestrada resulta ser revolver calibre 38, con municiones intactas en su interior.- Diose conocimiento UFI N\u00b0 9 Baradero.- Pericias a cargo de Gendarmer\u00eda Nacional.-<\/p>\n\n\n\n<p>Fuente: Tu Linea Directa<\/p>\n","protected":false},"excerpt":{"rendered":"<p>Fue este s\u00e1bado promediando las 21 horas cuando un hombre que viajaba a bordo de un cami\u00f3n, luego de insultar a personas que se encontraban en el lugar, descendi\u00f3 del mismo amenaz\u00e1ndolos con un arma de fuego. Tras un llamado al 911 personal policial arrib\u00f3 al lugar donde luego de efectuar disparos pudieron reducir al [&hellip;]<\/p>\n","protected":false},"author":4,"featured_media":67789,"comment_status":"open","ping_status":"closed","sticky":false,"template":"","format":"standard","meta":{"om_disable_all_campaigns":false,"_jetpack_memberships_contains_paid_content":false,"footnotes":""},"categories":[621],"tags":[],"class_list":["post-67787","post","type-post","status-publish","format-standard","has-post-thumbnail","hentry","category-regionales"],"aioseo_notices":[],"gutentor_comment":0,"jetpack_featured_media_url":"https:\/\/eldiariodesanpedro.com.ar\/sitio\/wp-content\/uploads\/2020\/01\/71402584_2807312669302974_6329841119156764672_n.jpg","jetpack_shortlink":"https:\/\/wp.me\/p6RhLt-hDl","jetpack_sharing_enabled":true,"_links":{"self":[{"href":"https:\/\/eldiariodesanpedro.com.ar\/sitio\/wp-json\/wp\/v2\/posts\/67787","targetHints":{"allow":["GET"]}}],"collection":[{"href":"https:\/\/eldiariodesanpedro.com.ar\/sitio\/wp-json\/wp\/v2\/posts"}],"about":[{"href":"https:\/\/eldiariodesanpedro.com.ar\/sitio\/wp-json\/wp\/v2\/types\/post"}],"author":[{"embeddable":true,"href":"https:\/\/eldiariodesanpedro.com.ar\/sitio\/wp-json\/wp\/v2\/users\/4"}],"replies":[{"embeddable":true,"href":"https:\/\/eldiariodesanpedro.com.ar\/sitio\/wp-json\/wp\/v2\/comments?post=67787"}],"version-history":[{"count":1,"href":"https:\/\/eldiariodesanpedro.com.ar\/sitio\/wp-json\/wp\/v2\/posts\/67787\/revisions"}],"predecessor-version":[{"id":67790,"href":"https:\/\/eldiariodesanpedro.com.ar\/sitio\/wp-json\/wp\/v2\/posts\/67787\/revisions\/67790"}],"wp:featuredmedia":[{"embeddable":true,"href":"https:\/\/eldiariodesanpedro.com.ar\/sitio\/wp-json\/wp\/v2\/media\/67789"}],"wp:attachment":[{"href":"https:\/\/eldiariodesanpedro.com.ar\/sitio\/wp-json\/wp\/v2\/media?parent=67787"}],"wp:term":[{"taxonomy":"category","embeddable":true,"href":"https:\/\/eldiariodesanpedro.com.ar\/sitio\/wp-json\/wp\/v2\/categories?post=67787"},{"taxonomy":"post_tag","embeddable":true,"href":"https:\/\/eldiariodesanpedro.com.ar\/sitio\/wp-json\/wp\/v2\/tags?post=67787"}],"curies":[{"name":"wp","href":"https:\/\/api.w.org\/{rel}","templated":true}]}}