{"id":67782,"date":"2020-01-29T09:49:32","date_gmt":"2020-01-29T12:49:32","guid":{"rendered":"https:\/\/eldiariodesanpedro.com.ar\/sitio\/?p=67782"},"modified":"2020-01-29T09:49:37","modified_gmt":"2020-01-29T12:49:37","slug":"los-campedrinos-festivalearan-por-todo-el-pais-durante-febrero","status":"publish","type":"post","link":"https:\/\/eldiariodesanpedro.com.ar\/sitio\/los-campedrinos-festivalearan-por-todo-el-pais-durante-febrero\/","title":{"rendered":"Los Campedrinos \u201cfestivalear\u00e1n\u201d por todo el pa\u00eds durante febrero"},"content":{"rendered":"<!-- VideographyWP Plugin Message: Automatic video embedding prevented by plugin options. -->\n\n<p> La gira del presente a\u00f1o comenz\u00f3 en la Fiesta Nacional del Olivo (Cruz del Eje) y pr\u00f3ximamente recorrer\u00e1n ciudades de las provincias de Buenos Aires, Mendoza, San Luis, C\u00f3rdoba y Entre R\u00edos.<\/p>\n\n\n\n<p>\n\nTras haberse presentado durante los \u00faltimos d\u00edas en distintas localidades del interior del pa\u00eds, el d\u00fao \u201cLos Campedrinos\u201d tiene la agenda del mes de febrero definida.<\/p>\n\n\n\n<p>Es que el inicio fue en la Fiesta Nacional del Olivo (Cruz del Eje, C\u00f3rdoba), para luego presentarse en el Festival Nacional de Doma y Folklore (Jes\u00fas Mar\u00eda, C\u00f3rdoba), en el Festival del Higo (Talita, San Luis), en el Festival de la Avicultura (Santa Mar\u00eda de Punilla, C\u00f3rdoba), en el Festival de Guadalupe (Santa F\u00e9) y en el Festival de las Aguas Claras (Nogol\u00ed, San Luis).<\/p>\n\n\n\n<p>Y pr\u00f3ximamente recorrer\u00e1n ciudades de las provincias de Buenos Aires, Mendoza, San Luis, C\u00f3rdoba y Entre R\u00edos.<\/p>\n\n\n\n<p>Pero, adem\u00e1s del segundo mes del a\u00f1o, tambi\u00e9n conocen la presentaci\u00f3n del primer fin de semana de marzo: ser\u00e1 en el Festival Nacional del Potrillo, en Coronel Vidal, territorio bonaerense.<\/p>\n\n\n\n<p>A continuaci\u00f3n, brindamos el detalle de la agenda 2020 de \u201cLos Campedrinos\u201d:<br>&#8211; 01\/02: Festival Nacional de Folklore &#8211; Pasteur (Buenos Aires).<br>&#8211; 02\/02: Festival de Verano &#8211; 30 de Agosto (Buenos Aires).<br>&#8211; 07\/02: Festival de la Alta Monta\u00f1a &#8211; Uspallata (Mendoza).<br>&#8211; 08\/02: Festival Nacional del Mel\u00f3n &#8211; Candelaria (San Luis).<br>&#8211; 14 02: Feriagro &#8211; Luj\u00e1n de Cuyo (Mendoza).<br>&#8211; 15\/02: Festival de la Cueca y el Damasco &#8211; La Dormida (Mendoza).<br>&#8211; 22\/02: Festival del Cuarzo &#8211; Serrezuela (C\u00f3rdoba).<br>&#8211; 23\/02: Festival de Yaguan\u00e9 &#8211; Villaguay &#8211; (Entre R\u00edos).<br>&#8211; 28\/02: Festival del Cald\u00e9n \u2013 Nueva Galia (San Luis).<br>&#8211; 05\/03: Festival Nacional del Potrillo &#8211; Coronel Vidal (Buenos Aires).<\/p>\n\n\n\n<p>Sin olvidar de mencionar que del 6 al 28 de abril estar\u00e1n present\u00e1ndose en distintas localidades de Espa\u00f1a e Italia en la Gira Europea.\n\n<\/p>\n","protected":false},"excerpt":{"rendered":"<p>La gira del presente a\u00f1o comenz\u00f3 en la Fiesta Nacional del Olivo (Cruz del Eje) y pr\u00f3ximamente recorrer\u00e1n ciudades de las provincias de Buenos Aires, Mendoza, San Luis, C\u00f3rdoba y Entre R\u00edos. Tras haberse presentado durante los \u00faltimos d\u00edas en distintas localidades del interior del pa\u00eds, el d\u00fao \u201cLos Campedrinos\u201d tiene la agenda del mes [&hellip;]<\/p>\n","protected":false},"author":4,"featured_media":67785,"comment_status":"open","ping_status":"closed","sticky":false,"template":"","format":"standard","meta":{"om_disable_all_campaigns":false,"_jetpack_memberships_contains_paid_content":false,"footnotes":""},"categories":[101,2],"tags":[],"class_list":["post-67782","post","type-post","status-publish","format-standard","has-post-thumbnail","hentry","category-interes-general-locales","category-locales"],"aioseo_notices":[],"gutentor_comment":0,"jetpack_featured_media_url":"https:\/\/eldiariodesanpedro.com.ar\/sitio\/wp-content\/uploads\/2020\/01\/20200127105210.jpg","jetpack_shortlink":"https:\/\/wp.me\/p6RhLt-hDg","jetpack_sharing_enabled":true,"_links":{"self":[{"href":"https:\/\/eldiariodesanpedro.com.ar\/sitio\/wp-json\/wp\/v2\/posts\/67782","targetHints":{"allow":["GET"]}}],"collection":[{"href":"https:\/\/eldiariodesanpedro.com.ar\/sitio\/wp-json\/wp\/v2\/posts"}],"about":[{"href":"https:\/\/eldiariodesanpedro.com.ar\/sitio\/wp-json\/wp\/v2\/types\/post"}],"author":[{"embeddable":true,"href":"https:\/\/eldiariodesanpedro.com.ar\/sitio\/wp-json\/wp\/v2\/users\/4"}],"replies":[{"embeddable":true,"href":"https:\/\/eldiariodesanpedro.com.ar\/sitio\/wp-json\/wp\/v2\/comments?post=67782"}],"version-history":[{"count":1,"href":"https:\/\/eldiariodesanpedro.com.ar\/sitio\/wp-json\/wp\/v2\/posts\/67782\/revisions"}],"predecessor-version":[{"id":67786,"href":"https:\/\/eldiariodesanpedro.com.ar\/sitio\/wp-json\/wp\/v2\/posts\/67782\/revisions\/67786"}],"wp:featuredmedia":[{"embeddable":true,"href":"https:\/\/eldiariodesanpedro.com.ar\/sitio\/wp-json\/wp\/v2\/media\/67785"}],"wp:attachment":[{"href":"https:\/\/eldiariodesanpedro.com.ar\/sitio\/wp-json\/wp\/v2\/media?parent=67782"}],"wp:term":[{"taxonomy":"category","embeddable":true,"href":"https:\/\/eldiariodesanpedro.com.ar\/sitio\/wp-json\/wp\/v2\/categories?post=67782"},{"taxonomy":"post_tag","embeddable":true,"href":"https:\/\/eldiariodesanpedro.com.ar\/sitio\/wp-json\/wp\/v2\/tags?post=67782"}],"curies":[{"name":"wp","href":"https:\/\/api.w.org\/{rel}","templated":true}]}}