{"id":6778,"date":"2016-08-04T19:55:21","date_gmt":"2016-08-04T22:55:21","guid":{"rendered":"https:\/\/eldiariodesanpedro.com.ar\/sitio\/?p=6778"},"modified":"2016-08-04T19:59:44","modified_gmt":"2016-08-04T22:59:44","slug":"caso-tiara-la-fiscalia-pidio-21-anos-de-prision-para-mariano-casas","status":"publish","type":"post","link":"https:\/\/eldiariodesanpedro.com.ar\/sitio\/caso-tiara-la-fiscalia-pidio-21-anos-de-prision-para-mariano-casas\/","title":{"rendered":"Caso Tiara: La fiscal\u00eda pidi\u00f3 21 a\u00f1os de prisi\u00f3n para Mariano Casas"},"content":{"rendered":"<p><!-- VideographyWP Plugin Message: Automatic video embedding prevented by plugin options. --><br \/>\nDurante el martes y mi\u00e9rcoles se desarroll\u00f3 el juicio por el homicidio de Tiara Lozano. El Tribunal Oral en lo Criminal N\u00b0 1 de San Nicol\u00e1s dar\u00e1 a conocer el d\u00eda lunes la sentencia para el imputado del hecho, Mariano \u201cPulguita\u201d Casas.<br \/>\n\u201cEl juicio est\u00e1 a punto de finalizar con la sentencia condenatoria que va a ser el d\u00eda lunes\u201d, asegur\u00f3 el fiscal Marcelo Manso, titular de la UFI N\u00ba 5, y agreg\u00f3: \u201cConfiamos en recibir por parte del tribunal una sentencia condenatoria, cercana o igual a lo que pidi\u00f3 la fiscal\u00eda\u201d.<br \/>\nAl tiempo, explic\u00f3: \u201cLa fiscal\u00eda entendi\u00f3 que esto es un homicidio simple y pidi\u00f3 la pena de 21 a\u00f1os de prisi\u00f3n, que era compatible con el principio de culpabilidad, en funci\u00f3n del hecho cometido. La defensa no discuti\u00f3 la materialidad del il\u00edcito, reconoci\u00f3 que estamos frente a un homicidio\u201d. Tampoco \u201chab\u00eda manera de discutirlo, la autopsia fue contundente y la declaraci\u00f3n de los m\u00e9dicos de la guardia y las enfermeras tambi\u00e9n. S\u00ed cuestion\u00f3 la autoridad y, en funci\u00f3n de ello, pidi\u00f3 la absoluci\u00f3n\u201d y \u201cen caso que el tribunal entienda que Mariano Casas es el responsable del homicidio, que la condena sea por el m\u00ednimo legal, en este caso son 8 a\u00f1os\u201d.<br \/>\nEn tanto, Manso record\u00f3 c\u00f3mo sucedieron los hechos. El d\u00eda del fallecimiento, pudo constatar junto a los m\u00e9dicos de la guardia que \u201cel cuerpo estaba lleno de moretones\u201d, asever\u00f3 y continu\u00f3: \u201cSe hizo luego la autopsia, constatamos m\u00faltiples lesiones grav\u00edsimas dentro de la zona abdominal\u201d.<br \/>\nEn tanto, se pudo determinar que las lesiones se hab\u00edan producido poco tiempo antes del fallecimiento. \u201cHicimos una investigaci\u00f3n para que en ese per\u00edodo de tiempo se establezca a cuidado de qui\u00e9n estaba la nena, surgi\u00f3 el nombre del imputado e inmediatamente dispusimos la detenci\u00f3n\u201d.<br \/>\nAsimismo la autopsia determin\u00f3 que la menor sufri\u00f3 una \u201cfractura del hueso de la pelvis, ten\u00eda sumamente da\u00f1ado el diafragma, ten\u00eda laceraciones en los ri\u00f1ones, el desplazamiento de las v\u00edsceras del abdomen hacia el t\u00f3rax, lo cual todo eso era compatible con una opresi\u00f3n de la zona abdominal\u201d, explic\u00f3 el fiscal. <\/p>\n","protected":false},"excerpt":{"rendered":"<p>Durante el martes y mi\u00e9rcoles se desarroll\u00f3 el juicio por el homicidio de Tiara Lozano. El Tribunal Oral en lo Criminal N\u00b0 1 de San Nicol\u00e1s dar\u00e1 a conocer el d\u00eda lunes la sentencia para el imputado del hecho, Mariano \u201cPulguita\u201d Casas. \u201cEl juicio est\u00e1 a punto de finalizar con la sentencia condenatoria que va [&hellip;]<\/p>\n","protected":false},"author":4,"featured_media":6781,"comment_status":"open","ping_status":"closed","sticky":false,"template":"","format":"standard","meta":{"om_disable_all_campaigns":false,"_jetpack_memberships_contains_paid_content":false,"footnotes":""},"categories":[50,101,2],"tags":[],"class_list":["post-6778","post","type-post","status-publish","format-standard","has-post-thumbnail","hentry","category-destacadas","category-interes-general-locales","category-locales"],"aioseo_notices":[],"gutentor_comment":0,"jetpack_featured_media_url":"https:\/\/eldiariodesanpedro.com.ar\/sitio\/wp-content\/uploads\/2016\/08\/PAGINA-3-5.jpg","jetpack_shortlink":"https:\/\/wp.me\/p6RhLt-1Lk","jetpack_sharing_enabled":true,"_links":{"self":[{"href":"https:\/\/eldiariodesanpedro.com.ar\/sitio\/wp-json\/wp\/v2\/posts\/6778","targetHints":{"allow":["GET"]}}],"collection":[{"href":"https:\/\/eldiariodesanpedro.com.ar\/sitio\/wp-json\/wp\/v2\/posts"}],"about":[{"href":"https:\/\/eldiariodesanpedro.com.ar\/sitio\/wp-json\/wp\/v2\/types\/post"}],"author":[{"embeddable":true,"href":"https:\/\/eldiariodesanpedro.com.ar\/sitio\/wp-json\/wp\/v2\/users\/4"}],"replies":[{"embeddable":true,"href":"https:\/\/eldiariodesanpedro.com.ar\/sitio\/wp-json\/wp\/v2\/comments?post=6778"}],"version-history":[{"count":1,"href":"https:\/\/eldiariodesanpedro.com.ar\/sitio\/wp-json\/wp\/v2\/posts\/6778\/revisions"}],"predecessor-version":[{"id":6780,"href":"https:\/\/eldiariodesanpedro.com.ar\/sitio\/wp-json\/wp\/v2\/posts\/6778\/revisions\/6780"}],"wp:featuredmedia":[{"embeddable":true,"href":"https:\/\/eldiariodesanpedro.com.ar\/sitio\/wp-json\/wp\/v2\/media\/6781"}],"wp:attachment":[{"href":"https:\/\/eldiariodesanpedro.com.ar\/sitio\/wp-json\/wp\/v2\/media?parent=6778"}],"wp:term":[{"taxonomy":"category","embeddable":true,"href":"https:\/\/eldiariodesanpedro.com.ar\/sitio\/wp-json\/wp\/v2\/categories?post=6778"},{"taxonomy":"post_tag","embeddable":true,"href":"https:\/\/eldiariodesanpedro.com.ar\/sitio\/wp-json\/wp\/v2\/tags?post=6778"}],"curies":[{"name":"wp","href":"https:\/\/api.w.org\/{rel}","templated":true}]}}