{"id":67770,"date":"2020-01-29T09:42:32","date_gmt":"2020-01-29T12:42:32","guid":{"rendered":"https:\/\/eldiariodesanpedro.com.ar\/sitio\/?p=67770"},"modified":"2020-01-29T10:26:34","modified_gmt":"2020-01-29T13:26:34","slug":"el-detenido-acusado-de-apedrear-a-la-policia-fue-internado","status":"publish","type":"post","link":"https:\/\/eldiariodesanpedro.com.ar\/sitio\/el-detenido-acusado-de-apedrear-a-la-policia-fue-internado\/","title":{"rendered":"El detenido acusado de apedrear a la polic\u00eda fue internado"},"content":{"rendered":"<!-- VideographyWP Plugin Message: Automatic video embedding prevented by plugin options. -->\n\n<p>Se trata de Leonardo Mauricio Macelli, el joven detenido junto a su hermana por la noche del lunes. Recordemos que en el a\u00f1o 2016 sufri\u00f3 un grave ataque en el penal de San Nicol\u00e1s por otro interno,\u00a0 donde se encontraba detenido por robos, quien habr\u00eda terminado en coma inducido. Este miercoles sera trasladado nuevamente a la ciudad nicole\u00f1a para una asesoria pericial.<br><\/p>\n\n\n\n<p>Parece que aquella golpiza dej\u00f3 secuelas en su salud, personal policial tuvo que trasladar al detenido a la guardia del nosocomio local por haber sufrido una descompensaci\u00f3n donde los m\u00e9dicos decidieron que permaneciera internado para una mayor observaci\u00f3n.<br><\/p>\n\n\n\n<p>Se encuentra con vigilancia policial y a la espera de su pronta recuperaci\u00f3n para ser trasladado a San Nicol\u00e1s, por orden del Juez interviniente para una asesor\u00eda pericial.<br><\/p>\n\n\n\n<p>Recordemos que Macelli fue detenido junto a su hermana el lunes por la noche<\/p>\n\n\n\n<p><strong>EL HECHO<\/strong><\/p>\n\n\n\n<p>Sucedio cuando un movil policial que se encontraba en el Barrio Hermano Indio, m\u00e1s precisamente en calle Balcarce al 1500,&nbsp; realizaba un RONDIN, una medida para la protecci\u00f3n contra la violencia de g\u00e9nero.<br><\/p>\n\n\n\n<p>En el recorrido se produjo el violento hecho, dos personas comenzaron arrojarles piedras y a insultarlos.<\/p>\n\n\n\n<p>La autoridad intent\u00f3 frenar esta situaci\u00f3n pero el episodio se puso m\u00e1s violento cuando trataron de interceptarlos y se produce una persecuci\u00f3n que termina frente en la casa donde residen los agresores.<br><\/p>\n\n\n\n<p>Al momento de su aprehensi\u00f3n, constatando que ambos eran familiares entre s\u00ed, otro movil debi\u00f3 concurrir al lugar en apoyo porque los efectivos estaban siendo apedreados.<br><\/p>\n\n\n\n<p>La situaci\u00f3n creci\u00f3 para mal, hasta una joven se subi\u00f3 al techo de uno de los patrulleros, y como si fuera poco, un perro pitbull comenz\u00f3 a morder a uno de los efectivos.<\/p>\n\n\n\n<p>Todo termino en un caos, m\u00e1s de tres numerarios lesionados y finalmente los hermanos agresores fueron aprehendidos y trasladados a la dependencia local, puestos a disposici\u00f3n de la fiscal\u00eda en turno.<\/p>\n\n\n\n<p>A\u00d1O 2016 ( PENAL DE SAN NICOLAS)<\/p>\n\n\n\n<p>Un episodio violento se produjo dentro de la Unidad Penal N\u00ba3 de San Nicol\u00e1s.&nbsp;<br><\/p>\n\n\n\n<p>Sucedi\u00f3 un 12 de octubre en horas de la ma\u00f1ana cuando dos internos oriundos de San Pedro se encontraban en tiempo libre.<br><\/p>\n\n\n\n<p>Arturo Paz y Mauricio Leonardo Macelli participaron de una ri\u00f1a que como consecuencia termin\u00f3 con Macelli internado de gravedad, con respirador artificial producto de un palazo en la cabeza que recibi\u00f3 de Paz.<br><\/p>\n\n\n\n<p>Arturo Paz, preso por el asesinato de Jos\u00e9 Ram\u00f3n Crespi\u00e9n. Libertad en el 2019<\/p>\n\n\n\n<p>Mauricio Leonardo Macelli, detenido por robos. Habria sido  liberado hace aproximadamente 5 meses.<\/p>\n\n\n\n<p><\/p>\n","protected":false},"excerpt":{"rendered":"<p>Se trata de Leonardo Mauricio Macelli, el joven detenido junto a su hermana por la noche del lunes. Recordemos que en el a\u00f1o 2016 sufri\u00f3 un grave ataque en el penal de San Nicol\u00e1s por otro interno,\u00a0 donde se encontraba detenido por robos, quien habr\u00eda terminado en coma inducido. Este miercoles sera trasladado nuevamente a [&hellip;]<\/p>\n","protected":false},"author":4,"featured_media":66938,"comment_status":"open","ping_status":"closed","sticky":false,"template":"","format":"standard","meta":{"om_disable_all_campaigns":false,"_jetpack_memberships_contains_paid_content":false,"footnotes":""},"categories":[50,2,103],"tags":[],"class_list":["post-67770","post","type-post","status-publish","format-standard","has-post-thumbnail","hentry","category-destacadas","category-locales","category-policiales-locales"],"aioseo_notices":[],"gutentor_comment":0,"jetpack_featured_media_url":"https:\/\/eldiariodesanpedro.com.ar\/sitio\/wp-content\/uploads\/2020\/01\/guardia-san-pedro-poli.jpg","jetpack_shortlink":"https:\/\/wp.me\/p6RhLt-hD4","jetpack_sharing_enabled":true,"_links":{"self":[{"href":"https:\/\/eldiariodesanpedro.com.ar\/sitio\/wp-json\/wp\/v2\/posts\/67770","targetHints":{"allow":["GET"]}}],"collection":[{"href":"https:\/\/eldiariodesanpedro.com.ar\/sitio\/wp-json\/wp\/v2\/posts"}],"about":[{"href":"https:\/\/eldiariodesanpedro.com.ar\/sitio\/wp-json\/wp\/v2\/types\/post"}],"author":[{"embeddable":true,"href":"https:\/\/eldiariodesanpedro.com.ar\/sitio\/wp-json\/wp\/v2\/users\/4"}],"replies":[{"embeddable":true,"href":"https:\/\/eldiariodesanpedro.com.ar\/sitio\/wp-json\/wp\/v2\/comments?post=67770"}],"version-history":[{"count":2,"href":"https:\/\/eldiariodesanpedro.com.ar\/sitio\/wp-json\/wp\/v2\/posts\/67770\/revisions"}],"predecessor-version":[{"id":67812,"href":"https:\/\/eldiariodesanpedro.com.ar\/sitio\/wp-json\/wp\/v2\/posts\/67770\/revisions\/67812"}],"wp:featuredmedia":[{"embeddable":true,"href":"https:\/\/eldiariodesanpedro.com.ar\/sitio\/wp-json\/wp\/v2\/media\/66938"}],"wp:attachment":[{"href":"https:\/\/eldiariodesanpedro.com.ar\/sitio\/wp-json\/wp\/v2\/media?parent=67770"}],"wp:term":[{"taxonomy":"category","embeddable":true,"href":"https:\/\/eldiariodesanpedro.com.ar\/sitio\/wp-json\/wp\/v2\/categories?post=67770"},{"taxonomy":"post_tag","embeddable":true,"href":"https:\/\/eldiariodesanpedro.com.ar\/sitio\/wp-json\/wp\/v2\/tags?post=67770"}],"curies":[{"name":"wp","href":"https:\/\/api.w.org\/{rel}","templated":true}]}}