{"id":67764,"date":"2020-01-28T20:14:55","date_gmt":"2020-01-28T23:14:55","guid":{"rendered":"https:\/\/eldiariodesanpedro.com.ar\/sitio\/?p=67764"},"modified":"2020-01-28T20:15:00","modified_gmt":"2020-01-28T23:15:00","slug":"gustavo-calvet-perido-la-vida-en-siniestro-vial-en-cercanias-a-la-violeta","status":"publish","type":"post","link":"https:\/\/eldiariodesanpedro.com.ar\/sitio\/gustavo-calvet-perido-la-vida-en-siniestro-vial-en-cercanias-a-la-violeta\/","title":{"rendered":"Gustavo Calvet perido la vida en siniestro vial en cercanias a La Violeta"},"content":{"rendered":"<!-- VideographyWP Plugin Message: Automatic video embedding prevented by plugin options. -->\n\n<p>Un hombre de San Pedro perdi\u00f3 la vida al perder el control; despistar y volcar el veh\u00edculo, tipo furg\u00f3n, en el que circulaba en la ruta Guerrico La Violeta el martes a la tarde.<\/p>\n\n\n\n<p>La v\u00edctima fatal ha sido identifcada como Gustavo Ra\u00fal Calvet, de 57 a\u00f1os de edad con domicilio en San Pedro; tal como lo dieron a conocer las autoridades policiales encargados del procedimiento.<\/p>\n\n\n\n<p>El siniestro ocurri\u00f3 minutos despu\u00e9s de las 13:30 pasando el puente ubicado en la mitad de esa traza asf\u00e1ltica y divide las jurisdicciones policiales de intervenci\u00f3n; correspondiendo la del Destacamento La Violeta.<\/p>\n\n\n\n<p>Al lugar del siniestro concurrieron efectivos policiales del Puesto de Vigilancia Guerrico, a cargo del capit\u00e1n Ariel Arbeleche y uniformados del Destacamento Policial de La Violeta que encabeza el oficial Federico Miranda.<\/p>\n\n\n\n<p>Una dotaci\u00f3n de Bomberos Voluntarios de P\u00e9rez Mill\u00e1n y otra de Pergamino acudieron porque el siniestro requer\u00eda intervenci\u00f3n de rescatistas por personas atrapadas en el habit\u00e1culo.<\/p>\n\n\n\n<p>Una ambulancia de Same concurri\u00f3 y el m\u00e9dico constat\u00f3 el deceso de la persona que viajaba en el veh\u00edculo tipo furg\u00f3n que se desplazaba en sentido Guerrico &#8211; La Violeta.<\/p>\n\n\n\n<p>Los especialistas de Polic\u00eda Cient\u00edfica realizaron las pericias de rigor en coordinaci\u00f3n con los Bomberos Voluntarios de Pergamino que intervinieron con tres m\u00f3viles por el trabajo que les demand\u00f3 quitar el cad\u00e1ver del interior del habit\u00e1culo.<\/p>\n\n\n\n<p>Fuente: El Tiempo Pergamino<\/p>\n\n\n\n<figure class=\"wp-block-image size-large\"><img decoding=\"async\" width=\"581\" height=\"581\" data-attachment-id=\"67766\" data-permalink=\"https:\/\/eldiariodesanpedro.com.ar\/sitio\/gustavo-calvet-perido-la-vida-en-siniestro-vial-en-cercanias-a-la-violeta\/attachment\/00000000000\/\" data-orig-file=\"https:\/\/eldiariodesanpedro.com.ar\/sitio\/wp-content\/uploads\/2020\/01\/00000000000.png\" data-orig-size=\"581,581\" data-comments-opened=\"1\" data-image-meta=\"{&quot;aperture&quot;:&quot;0&quot;,&quot;credit&quot;:&quot;&quot;,&quot;camera&quot;:&quot;&quot;,&quot;caption&quot;:&quot;&quot;,&quot;created_timestamp&quot;:&quot;0&quot;,&quot;copyright&quot;:&quot;&quot;,&quot;focal_length&quot;:&quot;0&quot;,&quot;iso&quot;:&quot;0&quot;,&quot;shutter_speed&quot;:&quot;0&quot;,&quot;title&quot;:&quot;&quot;,&quot;orientation&quot;:&quot;0&quot;}\" data-image-title=\"00000000000\" data-image-description=\"\" data-image-caption=\"\" data-large-file=\"https:\/\/eldiariodesanpedro.com.ar\/sitio\/wp-content\/uploads\/2020\/01\/00000000000.png\" data-src=\"https:\/\/eldiariodesanpedro.com.ar\/sitio\/wp-content\/uploads\/2020\/01\/00000000000.png\" alt=\"\" class=\"wp-image-67766 lazyload\" data-srcset=\"https:\/\/eldiariodesanpedro.com.ar\/sitio\/wp-content\/uploads\/2020\/01\/00000000000.png 581w, https:\/\/eldiariodesanpedro.com.ar\/sitio\/wp-content\/uploads\/2020\/01\/00000000000-300x300.png 300w, https:\/\/eldiariodesanpedro.com.ar\/sitio\/wp-content\/uploads\/2020\/01\/00000000000-150x150.png 150w\" data-sizes=\"(max-width: 581px) 100vw, 581px\" src=\"data:image\/svg+xml;base64,PHN2ZyB3aWR0aD0iMSIgaGVpZ2h0PSIxIiB4bWxucz0iaHR0cDovL3d3dy53My5vcmcvMjAwMC9zdmciPjwvc3ZnPg==\" style=\"--smush-placeholder-width: 581px; --smush-placeholder-aspect-ratio: 581\/581;\" \/><\/figure>\n","protected":false},"excerpt":{"rendered":"<p>Un hombre de San Pedro perdi\u00f3 la vida al perder el control; despistar y volcar el veh\u00edculo, tipo furg\u00f3n, en el que circulaba en la ruta Guerrico La Violeta el martes a la tarde. La v\u00edctima fatal ha sido identifcada como Gustavo Ra\u00fal Calvet, de 57 a\u00f1os de edad con domicilio en San Pedro; tal [&hellip;]<\/p>\n","protected":false},"author":4,"featured_media":67765,"comment_status":"open","ping_status":"closed","sticky":false,"template":"","format":"standard","meta":{"om_disable_all_campaigns":false,"_jetpack_memberships_contains_paid_content":false,"footnotes":""},"categories":[2,103],"tags":[],"class_list":["post-67764","post","type-post","status-publish","format-standard","has-post-thumbnail","hentry","category-locales","category-policiales-locales"],"aioseo_notices":[],"gutentor_comment":0,"jetpack_featured_media_url":"https:\/\/eldiariodesanpedro.com.ar\/sitio\/wp-content\/uploads\/2020\/01\/IMG-20200128-WA0080.png","jetpack_shortlink":"https:\/\/wp.me\/p6RhLt-hCY","jetpack_sharing_enabled":true,"_links":{"self":[{"href":"https:\/\/eldiariodesanpedro.com.ar\/sitio\/wp-json\/wp\/v2\/posts\/67764","targetHints":{"allow":["GET"]}}],"collection":[{"href":"https:\/\/eldiariodesanpedro.com.ar\/sitio\/wp-json\/wp\/v2\/posts"}],"about":[{"href":"https:\/\/eldiariodesanpedro.com.ar\/sitio\/wp-json\/wp\/v2\/types\/post"}],"author":[{"embeddable":true,"href":"https:\/\/eldiariodesanpedro.com.ar\/sitio\/wp-json\/wp\/v2\/users\/4"}],"replies":[{"embeddable":true,"href":"https:\/\/eldiariodesanpedro.com.ar\/sitio\/wp-json\/wp\/v2\/comments?post=67764"}],"version-history":[{"count":1,"href":"https:\/\/eldiariodesanpedro.com.ar\/sitio\/wp-json\/wp\/v2\/posts\/67764\/revisions"}],"predecessor-version":[{"id":67767,"href":"https:\/\/eldiariodesanpedro.com.ar\/sitio\/wp-json\/wp\/v2\/posts\/67764\/revisions\/67767"}],"wp:featuredmedia":[{"embeddable":true,"href":"https:\/\/eldiariodesanpedro.com.ar\/sitio\/wp-json\/wp\/v2\/media\/67765"}],"wp:attachment":[{"href":"https:\/\/eldiariodesanpedro.com.ar\/sitio\/wp-json\/wp\/v2\/media?parent=67764"}],"wp:term":[{"taxonomy":"category","embeddable":true,"href":"https:\/\/eldiariodesanpedro.com.ar\/sitio\/wp-json\/wp\/v2\/categories?post=67764"},{"taxonomy":"post_tag","embeddable":true,"href":"https:\/\/eldiariodesanpedro.com.ar\/sitio\/wp-json\/wp\/v2\/tags?post=67764"}],"curies":[{"name":"wp","href":"https:\/\/api.w.org\/{rel}","templated":true}]}}