{"id":67761,"date":"2020-01-28T14:15:32","date_gmt":"2020-01-28T17:15:32","guid":{"rendered":"https:\/\/eldiariodesanpedro.com.ar\/sitio\/?p=67761"},"modified":"2020-01-28T14:15:36","modified_gmt":"2020-01-28T17:15:36","slug":"modernizacion-trabaja-en-la-aplicacion-de-un-sistema-para-el-cobro-del-canon-en-la-balanza","status":"publish","type":"post","link":"https:\/\/eldiariodesanpedro.com.ar\/sitio\/modernizacion-trabaja-en-la-aplicacion-de-un-sistema-para-el-cobro-del-canon-en-la-balanza\/","title":{"rendered":"Modernizaci\u00f3n trabaja en la aplicaci\u00f3n de un sistema para el cobro del canon en la balanza"},"content":{"rendered":"<!-- VideographyWP Plugin Message: Automatic video embedding prevented by plugin options. -->\n\n<p>Hern\u00e1n Contreras, a cargo de la Secretar\u00eda de Coordinaci\u00f3n en forma interina, cont\u00f3 que en el \u00e1rea del cual es el titular se est\u00e1 elaborando un programa para aplicar sobre el cobro del canon en la balanza municipal.<\/p>\n\n\n\n<p>Las desprolijidades advertidas en el cobro del canon en la balanza municipal tras el robo sufrido por una inspectora que era la encargada de retirar la recaudaci\u00f3n, oblig\u00f3 a las autoridades tomar medidas y corregir la operatoria.<\/p>\n\n\n\n<p>El titular de la Direcci\u00f3n de Modernizaci\u00f3n, Hern\u00e1n Contreras, moment\u00e1neamente a cargo de la Secretar\u00eda de Coordinaci\u00f3n en forma interina, adelant\u00f3 que el propio Intendente Cecilio Salazar, antes de tomarse licencia, le encarg\u00f3 que se ocupara de elaborar un programa para aplicar en el \u00e1rea en cuesti\u00f3n. &nbsp;<\/p>\n\n\n\n<p>\u201cNos reunimos con todas las \u00e1reas que intervienen, con Secretar\u00eda de Seguridad, Direcci\u00f3n de Tr\u00e1nsito, Rentas, la Direcci\u00f3n de Coordinaci\u00f3n, para poner sobre la mesa el tema y analizarlo entre todos\u201d, dijo Contreras en el aire de Fm G\u00e9nesis.<\/p>\n\n\n\n<p>\u201cEste proceso tiene dos grandes patas que son la parte operativa y la administrativa. Tambi\u00e9n pensar en qu\u00e9 herramienta se pueden aplicar para informatizar el proceso de cobro, as\u00ed que estamos trabajando en la implementaci\u00f3n de informatizar el cobro a trav\u00e9s de un sistema financiero como se usa en el resto de las cajas del municipio\u201d, se\u00f1al\u00f3.<\/p>\n\n\n\n<p>\u201cNos permitir\u00e1 trabajar en l\u00ednea y con toda la informaci\u00f3n centralizada. En los pr\u00f3ximos d\u00edas podremos tener funcionando un puesto de trabajo al que se le podr\u00e1 hacer un seguimiento en tiempo real\u201d, cont\u00f3.<\/p>\n\n\n\n<p>SAN PEDRO INFORMA<\/p>\n\n\n\n<p><br><\/p>\n","protected":false},"excerpt":{"rendered":"<p>Hern\u00e1n Contreras, a cargo de la Secretar\u00eda de Coordinaci\u00f3n en forma interina, cont\u00f3 que en el \u00e1rea del cual es el titular se est\u00e1 elaborando un programa para aplicar sobre el cobro del canon en la balanza municipal. Las desprolijidades advertidas en el cobro del canon en la balanza municipal tras el robo sufrido por [&hellip;]<\/p>\n","protected":false},"author":4,"featured_media":67762,"comment_status":"open","ping_status":"closed","sticky":false,"template":"","format":"standard","meta":{"om_disable_all_campaigns":false,"_jetpack_memberships_contains_paid_content":false,"footnotes":""},"categories":[50,101,2],"tags":[],"class_list":["post-67761","post","type-post","status-publish","format-standard","has-post-thumbnail","hentry","category-destacadas","category-interes-general-locales","category-locales"],"aioseo_notices":[],"gutentor_comment":0,"jetpack_featured_media_url":"https:\/\/eldiariodesanpedro.com.ar\/sitio\/wp-content\/uploads\/2020\/01\/PAGINA-5-DOS.jpg","jetpack_shortlink":"https:\/\/wp.me\/p6RhLt-hCV","jetpack_sharing_enabled":true,"_links":{"self":[{"href":"https:\/\/eldiariodesanpedro.com.ar\/sitio\/wp-json\/wp\/v2\/posts\/67761","targetHints":{"allow":["GET"]}}],"collection":[{"href":"https:\/\/eldiariodesanpedro.com.ar\/sitio\/wp-json\/wp\/v2\/posts"}],"about":[{"href":"https:\/\/eldiariodesanpedro.com.ar\/sitio\/wp-json\/wp\/v2\/types\/post"}],"author":[{"embeddable":true,"href":"https:\/\/eldiariodesanpedro.com.ar\/sitio\/wp-json\/wp\/v2\/users\/4"}],"replies":[{"embeddable":true,"href":"https:\/\/eldiariodesanpedro.com.ar\/sitio\/wp-json\/wp\/v2\/comments?post=67761"}],"version-history":[{"count":1,"href":"https:\/\/eldiariodesanpedro.com.ar\/sitio\/wp-json\/wp\/v2\/posts\/67761\/revisions"}],"predecessor-version":[{"id":67763,"href":"https:\/\/eldiariodesanpedro.com.ar\/sitio\/wp-json\/wp\/v2\/posts\/67761\/revisions\/67763"}],"wp:featuredmedia":[{"embeddable":true,"href":"https:\/\/eldiariodesanpedro.com.ar\/sitio\/wp-json\/wp\/v2\/media\/67762"}],"wp:attachment":[{"href":"https:\/\/eldiariodesanpedro.com.ar\/sitio\/wp-json\/wp\/v2\/media?parent=67761"}],"wp:term":[{"taxonomy":"category","embeddable":true,"href":"https:\/\/eldiariodesanpedro.com.ar\/sitio\/wp-json\/wp\/v2\/categories?post=67761"},{"taxonomy":"post_tag","embeddable":true,"href":"https:\/\/eldiariodesanpedro.com.ar\/sitio\/wp-json\/wp\/v2\/tags?post=67761"}],"curies":[{"name":"wp","href":"https:\/\/api.w.org\/{rel}","templated":true}]}}