{"id":67756,"date":"2020-01-28T13:48:47","date_gmt":"2020-01-28T16:48:47","guid":{"rendered":"https:\/\/eldiariodesanpedro.com.ar\/sitio\/?p=67756"},"modified":"2020-01-28T13:54:05","modified_gmt":"2020-01-28T16:54:05","slug":"inta-microcreditos-emprendimientos-productivos","status":"publish","type":"post","link":"https:\/\/eldiariodesanpedro.com.ar\/sitio\/inta-microcreditos-emprendimientos-productivos\/","title":{"rendered":"INTA: Microcr\u00e9ditos \u2013 emprendimientos productivos"},"content":{"rendered":"<!-- VideographyWP Plugin Message: Automatic video embedding prevented by plugin options. -->\n\n<p><strong>En San Pedro, recibieron microcr\u00e9ditos CONAMI, administrados por ArgenINTA, dos emprendimientos productivos;<em>\u00a0ejemplo de trabajo conjunto, asistencia t\u00e9cnica, innovaci\u00f3n y transferencia tecnol\u00f3gica del INTA.<\/em><\/strong><\/p>\n\n\n\n<p>Visitamos dos emprendimientos que recibieron microcr\u00e9ditos CONAMI administrados por Fundaci\u00f3n ArgenINTA. Conjuntamente con la capacidad de los productores; que logran maximizar los recursos con trabajo conjunto, asistencia t\u00e9cnica, aportes propios y mucha creatividad aplicada a cada una de las etapas del proyecto.<\/p>\n\n\n\n<div class=\"wp-block-image\"><figure class=\"aligncenter\"><img decoding=\"async\" data-attachment-id=\"1474\" data-permalink=\"https:\/\/eldiariodesanpedro.com.ar\/sitio\/rusia-suspende-su-zona-de-librecambio-con-ucrania\/rusia-ucrania\/\" data-orig-file=\"https:\/\/eldiariodesanpedro.com.ar\/sitio\/wp-content\/uploads\/2015\/12\/Rusia-Ucrania.jpg\" data-orig-size=\"575,323\" data-comments-opened=\"1\" data-image-meta=\"{&quot;aperture&quot;:&quot;0&quot;,&quot;credit&quot;:&quot;&quot;,&quot;camera&quot;:&quot;&quot;,&quot;caption&quot;:&quot;&quot;,&quot;created_timestamp&quot;:&quot;0&quot;,&quot;copyright&quot;:&quot;&quot;,&quot;focal_length&quot;:&quot;0&quot;,&quot;iso&quot;:&quot;0&quot;,&quot;shutter_speed&quot;:&quot;0&quot;,&quot;title&quot;:&quot;&quot;,&quot;orientation&quot;:&quot;0&quot;}\" data-image-title=\"Rusia Ucrania\" data-image-description=\"\" data-image-caption=\"\" data-large-file=\"https:\/\/eldiariodesanpedro.com.ar\/sitio\/wp-content\/uploads\/2015\/12\/Rusia-Ucrania.jpg\" data-src=\"https:\/\/www.argeninta.org.ar\/wp-content\/uploads\/Emprendimientos-ArgenINTA.jpg\" alt=\"\" class=\"wp-image-1474 lazyload\" src=\"data:image\/svg+xml;base64,PHN2ZyB3aWR0aD0iMSIgaGVpZ2h0PSIxIiB4bWxucz0iaHR0cDovL3d3dy53My5vcmcvMjAwMC9zdmciPjwvc3ZnPg==\" \/><\/figure><\/div>\n\n\n\n<p>Junto a la Ing. Agr. Laura Hansen -directora de la Estaci\u00f3n Experimental Agropecuaria del INTA San Pedro- Adolfo Heguiabeheri -agente de proyecto Cambio Rural- y Pablo Ojea -asesor promotor de Cambio Rural- estuvimos con los productores Abel Gaido, Agust\u00edn Torre y Walter Laurino, beneficiarios de la l\u00ednea de mesocr\u00e9ditos CONAMI con fondos del Ministerio de Desarrollo Social de la Naci\u00f3n.<\/p>\n\n\n\n<p>El grupo de productores, que posee una afianzada relaci\u00f3n a trav\u00e9s de Cambio Rural, el Cl\u00faster Flor\u00edcola de San Pedro y la C\u00e1mara de Viveristas, se encuentra en plena producci\u00f3n de gerberas en contenedor, a trav\u00e9s de un sistema de organoponia con sustratos (sin uso de tierra).<\/p>\n\n\n\n<div class=\"wp-block-image\"><figure class=\"aligncenter\"><img decoding=\"async\" data-src=\"https:\/\/www.argeninta.org.ar\/wp-content\/uploads\/Emprendedores-ArgenINTA.jpg\" alt=\"\" class=\"wp-image-1473 lazyload\" src=\"data:image\/svg+xml;base64,PHN2ZyB3aWR0aD0iMSIgaGVpZ2h0PSIxIiB4bWxucz0iaHR0cDovL3d3dy53My5vcmcvMjAwMC9zdmciPjwvc3ZnPg==\" \/><\/figure><\/div>\n\n\n\n<p>Con los recursos del cr\u00e9dito, con asistencia de los t\u00e9cnicos del INTA y con la experiencia propia de los productores se pudo implementar un sistema de riego localizado, lo cual permite realizar t\u00e9cnicas ajustadas en el manejo del agua y la fertilizaci\u00f3n, as\u00ed como un uso eficiente del recurso h\u00eddrico.<\/p>\n\n\n\n<p>Dicha producci\u00f3n se realiza bajo cubierta para aumentar el periodo productivo y la calidad del producto final, que se comercializa como flor de corte.<\/p>\n\n\n\n<p>De esta manera el grupo se encamina en una diversificaci\u00f3n de su producci\u00f3n y se constituye en pionero en el desarrollo de gerberas en San Pedro, zona tradicionalmente dedicada a la producci\u00f3n de plantas ornamentales y frutales.<\/p>\n\n\n\n<div class=\"wp-block-image\"><figure class=\"aligncenter\"><img decoding=\"async\" data-src=\"https:\/\/www.argeninta.org.ar\/wp-content\/uploads\/Emprendimientos-Fundacio%CC%81n-ArgenINTA.jpg\" alt=\"\" class=\"wp-image-1475 lazyload\" src=\"data:image\/svg+xml;base64,PHN2ZyB3aWR0aD0iMSIgaGVpZ2h0PSIxIiB4bWxucz0iaHR0cDovL3d3dy53My5vcmcvMjAwMC9zdmciPjwvc3ZnPg==\" \/><\/figure><\/div>\n\n\n\n<p>En una segunda instancia recorrimos el emprendimiento del productor Daniel Varela, quien se dedica a la producci\u00f3n de plantas ornamentales arbustivas, forestales y frutales, desde hace m\u00e1s de 30 a\u00f1os.<\/p>\n\n\n\n<p>Recientemente, buscando avanzar en la cadena comercial y aprovechando su ubicaci\u00f3n a la vera de la ruta y la alta afluencia de turistas, ha apostado a la venta minorista de plantas envasadas, como un VAP (viveros de venta al p\u00fablico). Con lo cual el microcr\u00e9dito se constituye en una herramienta financiera que le brindar\u00e1 la oportunidad de realizar mejoras en infraestructura, particularmente en cuestiones de riego, un factor muy importante en los cultivos envasados y bajo cubierta.<\/p>\n\n\n\n<p><br><\/p>\n","protected":false},"excerpt":{"rendered":"<p>En San Pedro, recibieron microcr\u00e9ditos CONAMI, administrados por ArgenINTA, dos emprendimientos productivos;\u00a0ejemplo de trabajo conjunto, asistencia t\u00e9cnica, innovaci\u00f3n y transferencia tecnol\u00f3gica del INTA. Visitamos dos emprendimientos que recibieron microcr\u00e9ditos CONAMI administrados por Fundaci\u00f3n ArgenINTA. Conjuntamente con la capacidad de los productores; que logran maximizar los recursos con trabajo conjunto, asistencia t\u00e9cnica, aportes propios y mucha [&hellip;]<\/p>\n","protected":false},"author":4,"featured_media":67757,"comment_status":"open","ping_status":"closed","sticky":false,"template":"","format":"standard","meta":{"om_disable_all_campaigns":false,"_jetpack_memberships_contains_paid_content":false,"footnotes":""},"categories":[101,2],"tags":[],"class_list":["post-67756","post","type-post","status-publish","format-standard","has-post-thumbnail","hentry","category-interes-general-locales","category-locales"],"aioseo_notices":[],"gutentor_comment":0,"jetpack_featured_media_url":"https:\/\/eldiariodesanpedro.com.ar\/sitio\/wp-content\/uploads\/2020\/01\/Microcreditos-Emprendimiento-ArgenINTA.jpg","jetpack_shortlink":"https:\/\/wp.me\/p6RhLt-hCQ","jetpack_sharing_enabled":true,"_links":{"self":[{"href":"https:\/\/eldiariodesanpedro.com.ar\/sitio\/wp-json\/wp\/v2\/posts\/67756","targetHints":{"allow":["GET"]}}],"collection":[{"href":"https:\/\/eldiariodesanpedro.com.ar\/sitio\/wp-json\/wp\/v2\/posts"}],"about":[{"href":"https:\/\/eldiariodesanpedro.com.ar\/sitio\/wp-json\/wp\/v2\/types\/post"}],"author":[{"embeddable":true,"href":"https:\/\/eldiariodesanpedro.com.ar\/sitio\/wp-json\/wp\/v2\/users\/4"}],"replies":[{"embeddable":true,"href":"https:\/\/eldiariodesanpedro.com.ar\/sitio\/wp-json\/wp\/v2\/comments?post=67756"}],"version-history":[{"count":1,"href":"https:\/\/eldiariodesanpedro.com.ar\/sitio\/wp-json\/wp\/v2\/posts\/67756\/revisions"}],"predecessor-version":[{"id":67758,"href":"https:\/\/eldiariodesanpedro.com.ar\/sitio\/wp-json\/wp\/v2\/posts\/67756\/revisions\/67758"}],"wp:featuredmedia":[{"embeddable":true,"href":"https:\/\/eldiariodesanpedro.com.ar\/sitio\/wp-json\/wp\/v2\/media\/67757"}],"wp:attachment":[{"href":"https:\/\/eldiariodesanpedro.com.ar\/sitio\/wp-json\/wp\/v2\/media?parent=67756"}],"wp:term":[{"taxonomy":"category","embeddable":true,"href":"https:\/\/eldiariodesanpedro.com.ar\/sitio\/wp-json\/wp\/v2\/categories?post=67756"},{"taxonomy":"post_tag","embeddable":true,"href":"https:\/\/eldiariodesanpedro.com.ar\/sitio\/wp-json\/wp\/v2\/tags?post=67756"}],"curies":[{"name":"wp","href":"https:\/\/api.w.org\/{rel}","templated":true}]}}