{"id":67752,"date":"2020-01-28T13:33:46","date_gmt":"2020-01-28T16:33:46","guid":{"rendered":"https:\/\/eldiariodesanpedro.com.ar\/sitio\/?p=67752"},"modified":"2020-01-28T13:33:52","modified_gmt":"2020-01-28T16:33:52","slug":"se-entrego-el-joven-acusado-de-herir-de-gravedad-con-arma-blanca-a-un-familiar","status":"publish","type":"post","link":"https:\/\/eldiariodesanpedro.com.ar\/sitio\/se-entrego-el-joven-acusado-de-herir-de-gravedad-con-arma-blanca-a-un-familiar\/","title":{"rendered":"Se entreg\u00f3 el joven acusado de herir de gravedad con arma blanca a un familiar"},"content":{"rendered":"<!-- VideographyWP Plugin Message: Automatic video embedding prevented by plugin options. -->\n\n<p>El hecho habr\u00eda sucedido hace m\u00e1s de un mes atr\u00e1s,\u00a0 el agresor le dio un puntazo en el abdomen a un joven que pasaba a buscar a un familiar por el domicilio,\u00a0 hiriendo de gravedad.  Hasta este martes se encontraba pr\u00f3fugo de la justicia.<br><\/p>\n\n\n\n<p>Sucedi\u00f3 un domingo pasada la 1 de la madrugada, en la vereda de una vivienda\u00a0 de calle Thornes al 1100,  cuando una joven se encontraba a la espera de su novio.<br><\/p>\n\n\n\n<p>El novio, v\u00edctima en este caso, de 29 a\u00f1os de edad, al llegar al lugar es agredido por un familiar de 18, tras una discusi\u00f3n le da puntazos en el abdomen hiriendo de gravedad.<br><\/p>\n\n\n\n<p>Personal policial acude rapidamente al lugar y al llegar la v\u00edctima, N\u00fa\u00f1ez, es trasladada al nosocomio local donde fue intervenido quir\u00fargicamente por las graves heridas de arma blanca.<br><\/p>\n\n\n\n<p>La causa fue caratulada como \u00ablesiones graves\u00bb , el acusado se habr\u00eda dado a la fuga.<br><\/p>\n\n\n\n<p>Luego de ser intensamente buscado por la polic\u00eda, Esteban Flores de 18, se entreg\u00f3 este martes por la ma\u00f1ana en la fiscal\u00eda quedando a disposici\u00f3n de la justicia.<br><\/p>\n\n\n\n<p>Por el momento quedar\u00e1 alojado en la comisar\u00eda local hasta su intervenci\u00f3n.<\/p>\n","protected":false},"excerpt":{"rendered":"<p>El hecho habr\u00eda sucedido hace m\u00e1s de un mes atr\u00e1s,\u00a0 el agresor le dio un puntazo en el abdomen a un joven que pasaba a buscar a un familiar por el domicilio,\u00a0 hiriendo de gravedad. Hasta este martes se encontraba pr\u00f3fugo de la justicia. Sucedi\u00f3 un domingo pasada la 1 de la madrugada, en la [&hellip;]<\/p>\n","protected":false},"author":4,"featured_media":67753,"comment_status":"open","ping_status":"closed","sticky":false,"template":"","format":"standard","meta":{"om_disable_all_campaigns":false,"_jetpack_memberships_contains_paid_content":false,"footnotes":""},"categories":[2,103],"tags":[],"class_list":["post-67752","post","type-post","status-publish","format-standard","has-post-thumbnail","hentry","category-locales","category-policiales-locales"],"aioseo_notices":[],"gutentor_comment":0,"jetpack_featured_media_url":"https:\/\/eldiariodesanpedro.com.ar\/sitio\/wp-content\/uploads\/2020\/01\/WhatsApp-Image-2020-01-28-at-12.42.21-PM.jpeg","jetpack_shortlink":"https:\/\/wp.me\/p6RhLt-hCM","jetpack_sharing_enabled":true,"_links":{"self":[{"href":"https:\/\/eldiariodesanpedro.com.ar\/sitio\/wp-json\/wp\/v2\/posts\/67752","targetHints":{"allow":["GET"]}}],"collection":[{"href":"https:\/\/eldiariodesanpedro.com.ar\/sitio\/wp-json\/wp\/v2\/posts"}],"about":[{"href":"https:\/\/eldiariodesanpedro.com.ar\/sitio\/wp-json\/wp\/v2\/types\/post"}],"author":[{"embeddable":true,"href":"https:\/\/eldiariodesanpedro.com.ar\/sitio\/wp-json\/wp\/v2\/users\/4"}],"replies":[{"embeddable":true,"href":"https:\/\/eldiariodesanpedro.com.ar\/sitio\/wp-json\/wp\/v2\/comments?post=67752"}],"version-history":[{"count":1,"href":"https:\/\/eldiariodesanpedro.com.ar\/sitio\/wp-json\/wp\/v2\/posts\/67752\/revisions"}],"predecessor-version":[{"id":67754,"href":"https:\/\/eldiariodesanpedro.com.ar\/sitio\/wp-json\/wp\/v2\/posts\/67752\/revisions\/67754"}],"wp:featuredmedia":[{"embeddable":true,"href":"https:\/\/eldiariodesanpedro.com.ar\/sitio\/wp-json\/wp\/v2\/media\/67753"}],"wp:attachment":[{"href":"https:\/\/eldiariodesanpedro.com.ar\/sitio\/wp-json\/wp\/v2\/media?parent=67752"}],"wp:term":[{"taxonomy":"category","embeddable":true,"href":"https:\/\/eldiariodesanpedro.com.ar\/sitio\/wp-json\/wp\/v2\/categories?post=67752"},{"taxonomy":"post_tag","embeddable":true,"href":"https:\/\/eldiariodesanpedro.com.ar\/sitio\/wp-json\/wp\/v2\/tags?post=67752"}],"curies":[{"name":"wp","href":"https:\/\/api.w.org\/{rel}","templated":true}]}}