{"id":67738,"date":"2020-01-28T11:37:46","date_gmt":"2020-01-28T14:37:46","guid":{"rendered":"https:\/\/eldiariodesanpedro.com.ar\/sitio\/?p=67738"},"modified":"2020-01-28T11:37:51","modified_gmt":"2020-01-28T14:37:51","slug":"ramallo-mas-de-8500-personas-visitaron-la-costa-de-ramallo","status":"publish","type":"post","link":"https:\/\/eldiariodesanpedro.com.ar\/sitio\/ramallo-mas-de-8500-personas-visitaron-la-costa-de-ramallo\/","title":{"rendered":"RAMALLO | M\u00e1s de 8500 personas visitaron la costa de Ramallo"},"content":{"rendered":"<!-- VideographyWP Plugin Message: Automatic video embedding prevented by plugin options. -->\n\n<p>\n\nSeg\u00fan estimaciones oficiales, ese es el n\u00famero de visitantes que disfrutaron de la costa ramallense durante el fin de semana. \u201cEl tiempo nos acompa\u00f1\u00f3, de a poco vamos transitando el camino que proyectamos. Tambi\u00e9n hubo mucha gente en el arroyo Las Hermanas\u201d, dijo Felipe L\u00f3pez en RADIO META.<\/p>\n\n\n\n<p>El subsecretario de Turismo, aclar\u00f3 que \u201cel s\u00e1bado estuvo m\u00e1s tranquilo, pero el domingo vino much\u00edsima gente, pero fue todo bien, ordenado, no nos damos cuenta que tenemos una playa tan grande\u201d.<\/p>\n\n\n\n<p>Yendo a los n\u00fameros, dijo que \u201chubo un 55% de alojamiento en la noche del viernes para el s\u00e1bado; y 97% del s\u00e1bado para domingo, casi full\u201d. Y agreg\u00f3: \u201cEn la parte de playa estimamos que hab\u00eda arriba de 8500 personas en la costa y en cada uno de los complejos recreativos desde el Club N\u00e1utico hasta casi llegando el arroyo. En el arroyo Las Hermanas tambi\u00e9n hab\u00eda mucha gente\u201d.<\/p>\n\n\n\n<p>Fuente: Meta FM<\/p>\n","protected":false},"excerpt":{"rendered":"<p>Seg\u00fan estimaciones oficiales, ese es el n\u00famero de visitantes que disfrutaron de la costa ramallense durante el fin de semana. \u201cEl tiempo nos acompa\u00f1\u00f3, de a poco vamos transitando el camino que proyectamos. Tambi\u00e9n hubo mucha gente en el arroyo Las Hermanas\u201d, dijo Felipe L\u00f3pez en RADIO META. El subsecretario de Turismo, aclar\u00f3 que \u201cel [&hellip;]<\/p>\n","protected":false},"author":4,"featured_media":67739,"comment_status":"open","ping_status":"closed","sticky":false,"template":"","format":"standard","meta":{"om_disable_all_campaigns":false,"_jetpack_memberships_contains_paid_content":false,"footnotes":""},"categories":[621],"tags":[],"class_list":["post-67738","post","type-post","status-publish","format-standard","has-post-thumbnail","hentry","category-regionales"],"aioseo_notices":[],"gutentor_comment":0,"jetpack_featured_media_url":"https:\/\/eldiariodesanpedro.com.ar\/sitio\/wp-content\/uploads\/2020\/01\/15801583470.jpg","jetpack_shortlink":"https:\/\/wp.me\/p6RhLt-hCy","jetpack_sharing_enabled":true,"_links":{"self":[{"href":"https:\/\/eldiariodesanpedro.com.ar\/sitio\/wp-json\/wp\/v2\/posts\/67738","targetHints":{"allow":["GET"]}}],"collection":[{"href":"https:\/\/eldiariodesanpedro.com.ar\/sitio\/wp-json\/wp\/v2\/posts"}],"about":[{"href":"https:\/\/eldiariodesanpedro.com.ar\/sitio\/wp-json\/wp\/v2\/types\/post"}],"author":[{"embeddable":true,"href":"https:\/\/eldiariodesanpedro.com.ar\/sitio\/wp-json\/wp\/v2\/users\/4"}],"replies":[{"embeddable":true,"href":"https:\/\/eldiariodesanpedro.com.ar\/sitio\/wp-json\/wp\/v2\/comments?post=67738"}],"version-history":[{"count":1,"href":"https:\/\/eldiariodesanpedro.com.ar\/sitio\/wp-json\/wp\/v2\/posts\/67738\/revisions"}],"predecessor-version":[{"id":67740,"href":"https:\/\/eldiariodesanpedro.com.ar\/sitio\/wp-json\/wp\/v2\/posts\/67738\/revisions\/67740"}],"wp:featuredmedia":[{"embeddable":true,"href":"https:\/\/eldiariodesanpedro.com.ar\/sitio\/wp-json\/wp\/v2\/media\/67739"}],"wp:attachment":[{"href":"https:\/\/eldiariodesanpedro.com.ar\/sitio\/wp-json\/wp\/v2\/media?parent=67738"}],"wp:term":[{"taxonomy":"category","embeddable":true,"href":"https:\/\/eldiariodesanpedro.com.ar\/sitio\/wp-json\/wp\/v2\/categories?post=67738"},{"taxonomy":"post_tag","embeddable":true,"href":"https:\/\/eldiariodesanpedro.com.ar\/sitio\/wp-json\/wp\/v2\/tags?post=67738"}],"curies":[{"name":"wp","href":"https:\/\/api.w.org\/{rel}","templated":true}]}}