{"id":67735,"date":"2020-01-28T10:06:45","date_gmt":"2020-01-28T13:06:45","guid":{"rendered":"https:\/\/eldiariodesanpedro.com.ar\/sitio\/?p=67735"},"modified":"2020-01-28T10:06:51","modified_gmt":"2020-01-28T13:06:51","slug":"san-nicolas-passaglia-congelo-su-sueldo-y-el-de-su-gabinete","status":"publish","type":"post","link":"https:\/\/eldiariodesanpedro.com.ar\/sitio\/san-nicolas-passaglia-congelo-su-sueldo-y-el-de-su-gabinete\/","title":{"rendered":"SAN NICOL\u00c1S | Passaglia congel\u00f3 su sueldo y el de su gabinete"},"content":{"rendered":"<!-- VideographyWP Plugin Message: Automatic video embedding prevented by plugin options. -->\n\n<p>\n\nEn el marco de un plan de austeridad impulsado por el propio departamento ejecutivo, el Intendente Municipal Manuel Passaglia decidi\u00f3 congelar su sueldo y el de toda la planta pol\u00edtica, y asegur\u00f3 que va a \u201ctomar todas las medidas necesarias para mantener la prestaci\u00f3n de servicios de calidad y el desarrollo del Plan de obras que lleva al crecimiento de nuestra ciudad\u201d.<\/p>\n\n\n\n<p>De acuerdo a un comunicado publicado en sus redes, el Intendente dispuso esta medida de congelamiento de salarios para la planta pol\u00edtica \u201centendiendo que tenemos que ser responsables en este contexto\u201d. La medida ser\u00eda en principio por 6 meses, con posibilidad de extenderlo a todo el 2020 de considerarse necesario.<\/p>\n\n\n\n<p>Adem\u00e1s, afirm\u00f3 que se revisar\u00e1 \u00e1rea por \u00e1rea los gastos para \u201cgenerar un Municipio m\u00e1s eficiente sin disminuir la calidad de nuestro trabajo\u201d y apunt\u00f3 principalmente contra los gastos en el uso de veh\u00edculos, telefon\u00eda celular y papeler\u00eda.<\/p>\n\n\n\n<p>Cabe aclarar tambi\u00e9n, que el Intendente hab\u00eda decidido en diciembre no aumentar su equipo de trabajo, quedando solo con cinco secretar\u00edas y redistribuyendo al personal en distintas \u00e1reas sin tener que alquilar nuevos espacios.<\/p>\n\n\n\n<p>\u201cEstoy convencido que este esfuerzo que hagamos entre todos, nos va a permitir continuar la construcci\u00f3n de la ciudad que nos merecemos y de la que todos vamos a sentirnos orgullosos\u201d, concluy\u00f3 Passaglia. <\/p>\n\n\n\n<p>Fuente: Diario El Informante<\/p>\n","protected":false},"excerpt":{"rendered":"<p>En el marco de un plan de austeridad impulsado por el propio departamento ejecutivo, el Intendente Municipal Manuel Passaglia decidi\u00f3 congelar su sueldo y el de toda la planta pol\u00edtica, y asegur\u00f3 que va a \u201ctomar todas las medidas necesarias para mantener la prestaci\u00f3n de servicios de calidad y el desarrollo del Plan de obras [&hellip;]<\/p>\n","protected":false},"author":4,"featured_media":67736,"comment_status":"open","ping_status":"closed","sticky":false,"template":"","format":"standard","meta":{"om_disable_all_campaigns":false,"_jetpack_memberships_contains_paid_content":false,"footnotes":""},"categories":[621],"tags":[],"class_list":["post-67735","post","type-post","status-publish","format-standard","has-post-thumbnail","hentry","category-regionales"],"aioseo_notices":[],"gutentor_comment":0,"jetpack_featured_media_url":"https:\/\/eldiariodesanpedro.com.ar\/sitio\/wp-content\/uploads\/2020\/01\/no_4v5tdl15wvgvzdzupraveny_IMG_20200127_200021.jpg","jetpack_shortlink":"https:\/\/wp.me\/p6RhLt-hCv","jetpack_sharing_enabled":true,"_links":{"self":[{"href":"https:\/\/eldiariodesanpedro.com.ar\/sitio\/wp-json\/wp\/v2\/posts\/67735","targetHints":{"allow":["GET"]}}],"collection":[{"href":"https:\/\/eldiariodesanpedro.com.ar\/sitio\/wp-json\/wp\/v2\/posts"}],"about":[{"href":"https:\/\/eldiariodesanpedro.com.ar\/sitio\/wp-json\/wp\/v2\/types\/post"}],"author":[{"embeddable":true,"href":"https:\/\/eldiariodesanpedro.com.ar\/sitio\/wp-json\/wp\/v2\/users\/4"}],"replies":[{"embeddable":true,"href":"https:\/\/eldiariodesanpedro.com.ar\/sitio\/wp-json\/wp\/v2\/comments?post=67735"}],"version-history":[{"count":1,"href":"https:\/\/eldiariodesanpedro.com.ar\/sitio\/wp-json\/wp\/v2\/posts\/67735\/revisions"}],"predecessor-version":[{"id":67737,"href":"https:\/\/eldiariodesanpedro.com.ar\/sitio\/wp-json\/wp\/v2\/posts\/67735\/revisions\/67737"}],"wp:featuredmedia":[{"embeddable":true,"href":"https:\/\/eldiariodesanpedro.com.ar\/sitio\/wp-json\/wp\/v2\/media\/67736"}],"wp:attachment":[{"href":"https:\/\/eldiariodesanpedro.com.ar\/sitio\/wp-json\/wp\/v2\/media?parent=67735"}],"wp:term":[{"taxonomy":"category","embeddable":true,"href":"https:\/\/eldiariodesanpedro.com.ar\/sitio\/wp-json\/wp\/v2\/categories?post=67735"},{"taxonomy":"post_tag","embeddable":true,"href":"https:\/\/eldiariodesanpedro.com.ar\/sitio\/wp-json\/wp\/v2\/tags?post=67735"}],"curies":[{"name":"wp","href":"https:\/\/api.w.org\/{rel}","templated":true}]}}