{"id":67732,"date":"2020-01-28T10:05:36","date_gmt":"2020-01-28T13:05:36","guid":{"rendered":"https:\/\/eldiariodesanpedro.com.ar\/sitio\/?p=67732"},"modified":"2020-01-28T10:05:41","modified_gmt":"2020-01-28T13:05:41","slug":"san-nicolas-le-secuestraron-la-camioneta-y-la-chocaron","status":"publish","type":"post","link":"https:\/\/eldiariodesanpedro.com.ar\/sitio\/san-nicolas-le-secuestraron-la-camioneta-y-la-chocaron\/","title":{"rendered":"SAN NICOL\u00c1S | Le secuestraron la camioneta y la chocaron"},"content":{"rendered":"<!-- VideographyWP Plugin Message: Automatic video embedding prevented by plugin options. -->\n\n<p>Denuncian el accionar de los inspectores de transito tras culminar operativo y chocar un veh\u00edculo secuestrado. Los municipales pidieron disculpas, pero los vecinos denunciaron negligencia. <\/p>\n\n\n\n<p> Sucedi\u00f3 esta madrugada en San Nicol\u00e1s, \u00a0a eso de las 5:40 mientras personal de tr\u00e1nsito culminaba operativo. Los testigos indicaron que escucharon un fuerte ruido y al mirarse trat\u00f3 de los inspectores que estaban trasladando una camioneta VW Amarok en calle Av. \u00c1lvarez, entre Av. Alberdi y Jos\u00e9 Ingenieros (donde est\u00e1 la subida de la Rotonda) y al subir, a toda velocidad, se rompe el enganche del veh\u00edculo que se encarga de remolcar los rodados secuestrados y la camioneta VW Amarok blanca se fue hacia una casa, impact\u00f3 contra uno de los \u00e1rboles y\u00a0 un cesto de basura que hab\u00eda all\u00ed. <\/p>\n\n\n\n<p> La situaci\u00f3n queda en materia de investigaci\u00f3n y se estima que podr\u00e1 esclarecerse con las c\u00e1maras de la zona para dilucidar responsabilidades. <\/p>\n\n\n\n<p>Fuente: Ramallo Informa<\/p>\n","protected":false},"excerpt":{"rendered":"<p>Denuncian el accionar de los inspectores de transito tras culminar operativo y chocar un veh\u00edculo secuestrado. Los municipales pidieron disculpas, pero los vecinos denunciaron negligencia. Sucedi\u00f3 esta madrugada en San Nicol\u00e1s, \u00a0a eso de las 5:40 mientras personal de tr\u00e1nsito culminaba operativo. Los testigos indicaron que escucharon un fuerte ruido y al mirarse trat\u00f3 de [&hellip;]<\/p>\n","protected":false},"author":4,"featured_media":67733,"comment_status":"open","ping_status":"closed","sticky":false,"template":"","format":"standard","meta":{"om_disable_all_campaigns":false,"_jetpack_memberships_contains_paid_content":false,"footnotes":""},"categories":[621],"tags":[],"class_list":["post-67732","post","type-post","status-publish","format-standard","has-post-thumbnail","hentry","category-regionales"],"aioseo_notices":[],"gutentor_comment":0,"jetpack_featured_media_url":"https:\/\/eldiariodesanpedro.com.ar\/sitio\/wp-content\/uploads\/2020\/01\/amarok.jpg","jetpack_shortlink":"https:\/\/wp.me\/p6RhLt-hCs","jetpack_sharing_enabled":true,"_links":{"self":[{"href":"https:\/\/eldiariodesanpedro.com.ar\/sitio\/wp-json\/wp\/v2\/posts\/67732","targetHints":{"allow":["GET"]}}],"collection":[{"href":"https:\/\/eldiariodesanpedro.com.ar\/sitio\/wp-json\/wp\/v2\/posts"}],"about":[{"href":"https:\/\/eldiariodesanpedro.com.ar\/sitio\/wp-json\/wp\/v2\/types\/post"}],"author":[{"embeddable":true,"href":"https:\/\/eldiariodesanpedro.com.ar\/sitio\/wp-json\/wp\/v2\/users\/4"}],"replies":[{"embeddable":true,"href":"https:\/\/eldiariodesanpedro.com.ar\/sitio\/wp-json\/wp\/v2\/comments?post=67732"}],"version-history":[{"count":1,"href":"https:\/\/eldiariodesanpedro.com.ar\/sitio\/wp-json\/wp\/v2\/posts\/67732\/revisions"}],"predecessor-version":[{"id":67734,"href":"https:\/\/eldiariodesanpedro.com.ar\/sitio\/wp-json\/wp\/v2\/posts\/67732\/revisions\/67734"}],"wp:featuredmedia":[{"embeddable":true,"href":"https:\/\/eldiariodesanpedro.com.ar\/sitio\/wp-json\/wp\/v2\/media\/67733"}],"wp:attachment":[{"href":"https:\/\/eldiariodesanpedro.com.ar\/sitio\/wp-json\/wp\/v2\/media?parent=67732"}],"wp:term":[{"taxonomy":"category","embeddable":true,"href":"https:\/\/eldiariodesanpedro.com.ar\/sitio\/wp-json\/wp\/v2\/categories?post=67732"},{"taxonomy":"post_tag","embeddable":true,"href":"https:\/\/eldiariodesanpedro.com.ar\/sitio\/wp-json\/wp\/v2\/tags?post=67732"}],"curies":[{"name":"wp","href":"https:\/\/api.w.org\/{rel}","templated":true}]}}