{"id":67729,"date":"2020-01-28T10:03:19","date_gmt":"2020-01-28T13:03:19","guid":{"rendered":"https:\/\/eldiariodesanpedro.com.ar\/sitio\/?p=67729"},"modified":"2020-01-28T10:03:23","modified_gmt":"2020-01-28T13:03:23","slug":"zarate-se-busca-el-paradero-de-bianca-eva-reynoso","status":"publish","type":"post","link":"https:\/\/eldiariodesanpedro.com.ar\/sitio\/zarate-se-busca-el-paradero-de-bianca-eva-reynoso\/","title":{"rendered":"Z\u00c1RATE | Se busca el paradero de Bianca Eva Reynoso"},"content":{"rendered":"<!-- VideographyWP Plugin Message: Automatic video embedding prevented by plugin options. -->\n\n<p><strong>Bianca Eva Reynoso<\/strong>, desapareci\u00f3 de su hogar en Guido Spano al 1100 de Z\u00e1rate, este domingo pasadas las 20:00 hs., desde ese momento no se obtuvieron m\u00e1s datos sobre su paradero.<\/p>\n\n\n\n<p><strong>Vest\u00eda remera de color rosa, pantalones cortos negros y ojotas del mismo color. Bianca es delgada, de 1,72 mts. de altura, cabellos cortos con mechones rojizos, ojos color marr\u00f3n claro, tez blanca, posee un tatuaje en su tobillo derecho (unas flores) y es coja del pie derecho producto de una fractura. No tiene ning\u00fan piercing y padece de demencia post parto.<\/strong><\/p>\n\n\n\n<p>En el momento de asusentarse no llevaba dinero, ni tel\u00e9fono celular, ni documentaci\u00f3n de ning\u00fan tipo.<\/p>\n\n\n\n<p>Si alguien la vio o sabe donde est\u00e1, por favor, comunicarse con el\u00a0<strong>911<\/strong>\u00a0o\u00a0<strong>Comisar\u00eda 1era. de Z\u00e1rate- 03487 42-2222<\/strong>.<\/p>\n\n\n\n<p>Fuente: Enlace Critico<\/p>\n","protected":false},"excerpt":{"rendered":"<p>Bianca Eva Reynoso, desapareci\u00f3 de su hogar en Guido Spano al 1100 de Z\u00e1rate, este domingo pasadas las 20:00 hs., desde ese momento no se obtuvieron m\u00e1s datos sobre su paradero. Vest\u00eda remera de color rosa, pantalones cortos negros y ojotas del mismo color. Bianca es delgada, de 1,72 mts. de altura, cabellos cortos con [&hellip;]<\/p>\n","protected":false},"author":4,"featured_media":67730,"comment_status":"open","ping_status":"closed","sticky":false,"template":"","format":"standard","meta":{"om_disable_all_campaigns":false,"_jetpack_memberships_contains_paid_content":false,"footnotes":""},"categories":[621],"tags":[],"class_list":["post-67729","post","type-post","status-publish","format-standard","has-post-thumbnail","hentry","category-regionales"],"aioseo_notices":[],"gutentor_comment":0,"jetpack_featured_media_url":"https:\/\/eldiariodesanpedro.com.ar\/sitio\/wp-content\/uploads\/2020\/01\/WhatsApp-Image-2020-01-27-at-21.05.35-1.jpeg","jetpack_shortlink":"https:\/\/wp.me\/p6RhLt-hCp","jetpack_sharing_enabled":true,"_links":{"self":[{"href":"https:\/\/eldiariodesanpedro.com.ar\/sitio\/wp-json\/wp\/v2\/posts\/67729","targetHints":{"allow":["GET"]}}],"collection":[{"href":"https:\/\/eldiariodesanpedro.com.ar\/sitio\/wp-json\/wp\/v2\/posts"}],"about":[{"href":"https:\/\/eldiariodesanpedro.com.ar\/sitio\/wp-json\/wp\/v2\/types\/post"}],"author":[{"embeddable":true,"href":"https:\/\/eldiariodesanpedro.com.ar\/sitio\/wp-json\/wp\/v2\/users\/4"}],"replies":[{"embeddable":true,"href":"https:\/\/eldiariodesanpedro.com.ar\/sitio\/wp-json\/wp\/v2\/comments?post=67729"}],"version-history":[{"count":1,"href":"https:\/\/eldiariodesanpedro.com.ar\/sitio\/wp-json\/wp\/v2\/posts\/67729\/revisions"}],"predecessor-version":[{"id":67731,"href":"https:\/\/eldiariodesanpedro.com.ar\/sitio\/wp-json\/wp\/v2\/posts\/67729\/revisions\/67731"}],"wp:featuredmedia":[{"embeddable":true,"href":"https:\/\/eldiariodesanpedro.com.ar\/sitio\/wp-json\/wp\/v2\/media\/67730"}],"wp:attachment":[{"href":"https:\/\/eldiariodesanpedro.com.ar\/sitio\/wp-json\/wp\/v2\/media?parent=67729"}],"wp:term":[{"taxonomy":"category","embeddable":true,"href":"https:\/\/eldiariodesanpedro.com.ar\/sitio\/wp-json\/wp\/v2\/categories?post=67729"},{"taxonomy":"post_tag","embeddable":true,"href":"https:\/\/eldiariodesanpedro.com.ar\/sitio\/wp-json\/wp\/v2\/tags?post=67729"}],"curies":[{"name":"wp","href":"https:\/\/api.w.org\/{rel}","templated":true}]}}