{"id":67725,"date":"2020-01-28T10:00:53","date_gmt":"2020-01-28T13:00:53","guid":{"rendered":"https:\/\/eldiariodesanpedro.com.ar\/sitio\/?p=67725"},"modified":"2020-01-28T10:00:58","modified_gmt":"2020-01-28T13:00:58","slug":"zarate-el-peligroso-martirio-de-circular-por-ruta-no-6-oscuridad-pastizales-altos-a-los-costados-y-piedrazos-a-la-pasada","status":"publish","type":"post","link":"https:\/\/eldiariodesanpedro.com.ar\/sitio\/zarate-el-peligroso-martirio-de-circular-por-ruta-no-6-oscuridad-pastizales-altos-a-los-costados-y-piedrazos-a-la-pasada\/","title":{"rendered":"Z\u00c1RATE | El peligroso martirio de circular por Ruta n\u00ba 6: oscuridad, pastizales altos a los costados y \u00abpiedrazos\u00bb a la pasada"},"content":{"rendered":"<!-- VideographyWP Plugin Message: Automatic video embedding prevented by plugin options. -->\n\n<p>La Ruta Provincial N\u00ba 6, sigue siendo un padecimiento para quienes tienen que transitarla. El tramo entre la empresa Monsanto en Z\u00e1rate hasta la altura de Tenaris en Campana, ya es un verdadero desaf\u00edo de los valientes, fundamentalmente cuando el sol ya se ocult\u00f3. Los usuarios reclaman pero parece que nadie sabe, nadie contesta.<\/p>\n\n\n\n<p><em>\u00abHay tramos que el pavimento es un desastre y eso hay que sumarle el estado de las m\u00ednimas banquinas\u00bb<\/em>, le contaban algunos de los padecientes vecinos que a diario les toca circular por la autov\u00eda, al cronista de Enlace Cr\u00edtico.<\/p>\n\n\n\n<p><em>\u00abDe noche es a\u00fan peor, todo se convierte en una boca de lobo porque no hay luz\u00bb<\/em>, remarcan y agregan,\u00a0<em>\u00abantes era el tramo en Campana, ahora se extendi\u00f3 hasta Z\u00e1rate y adem\u00e1s a los costados los pastizales tienen una altura impresionante y hasta \u00e1rboles cuyas ramas est\u00e1n sobre la ruta\u00bb<\/em>.<\/p>\n\n\n\n<p>Y la inseguridad es otro de los temas que m\u00e1s preocupan,<em>\u00a0\u00abaprovechando la oscuridad para esconderse tiran piedras a la pasada sea a autos o motos y el d\u00eda que pase una tragedia nos vamos a lamentar\u00bb<\/em>, relatan.<\/p>\n\n\n\n<p><em>\u00abVen\u00eda circulando cuando una piedra me peg\u00f3 en el pie, si me llego a caer seguro que no la cuento\u00bb<\/em>, asegura una preocupada motociclista.<\/p>\n\n\n\n<p><em>\u00abUno entiende que depende de Vialidad Provincial pero yo creo que los Municipios de las dos ciudades algo tendr\u00edan que hacer, estos hechos no son nuevos y no ha pasado una tragedia porque el destino no quiso. \u00bfNo ser\u00e1 hora que alguien se preocupe por los vecinos que estamos obligados a circular por ah\u00ed a diario?\u00bb<\/em>, dicen y se preguntan&#8230;<\/p>\n\n\n\n<p>Ruta Provincial N\u00ba 6, entre Monsanto y Tenaris, entre Z\u00e1rate y Campana.<\/p>\n\n\n\n<p>Fuente: Enlace Critico<\/p>\n","protected":false},"excerpt":{"rendered":"<p>La Ruta Provincial N\u00ba 6, sigue siendo un padecimiento para quienes tienen que transitarla. El tramo entre la empresa Monsanto en Z\u00e1rate hasta la altura de Tenaris en Campana, ya es un verdadero desaf\u00edo de los valientes, fundamentalmente cuando el sol ya se ocult\u00f3. Los usuarios reclaman pero parece que nadie sabe, nadie contesta. \u00abHay [&hellip;]<\/p>\n","protected":false},"author":4,"featured_media":67727,"comment_status":"open","ping_status":"closed","sticky":false,"template":"","format":"standard","meta":{"om_disable_all_campaigns":false,"_jetpack_memberships_contains_paid_content":false,"footnotes":""},"categories":[621],"tags":[],"class_list":["post-67725","post","type-post","status-publish","format-standard","has-post-thumbnail","hentry","category-regionales"],"aioseo_notices":[],"gutentor_comment":0,"jetpack_featured_media_url":"https:\/\/eldiariodesanpedro.com.ar\/sitio\/wp-content\/uploads\/2020\/01\/83739094_850849675369966_4264529601507622912_n_658x400.jpg","jetpack_shortlink":"https:\/\/wp.me\/p6RhLt-hCl","jetpack_sharing_enabled":true,"_links":{"self":[{"href":"https:\/\/eldiariodesanpedro.com.ar\/sitio\/wp-json\/wp\/v2\/posts\/67725","targetHints":{"allow":["GET"]}}],"collection":[{"href":"https:\/\/eldiariodesanpedro.com.ar\/sitio\/wp-json\/wp\/v2\/posts"}],"about":[{"href":"https:\/\/eldiariodesanpedro.com.ar\/sitio\/wp-json\/wp\/v2\/types\/post"}],"author":[{"embeddable":true,"href":"https:\/\/eldiariodesanpedro.com.ar\/sitio\/wp-json\/wp\/v2\/users\/4"}],"replies":[{"embeddable":true,"href":"https:\/\/eldiariodesanpedro.com.ar\/sitio\/wp-json\/wp\/v2\/comments?post=67725"}],"version-history":[{"count":1,"href":"https:\/\/eldiariodesanpedro.com.ar\/sitio\/wp-json\/wp\/v2\/posts\/67725\/revisions"}],"predecessor-version":[{"id":67728,"href":"https:\/\/eldiariodesanpedro.com.ar\/sitio\/wp-json\/wp\/v2\/posts\/67725\/revisions\/67728"}],"wp:featuredmedia":[{"embeddable":true,"href":"https:\/\/eldiariodesanpedro.com.ar\/sitio\/wp-json\/wp\/v2\/media\/67727"}],"wp:attachment":[{"href":"https:\/\/eldiariodesanpedro.com.ar\/sitio\/wp-json\/wp\/v2\/media?parent=67725"}],"wp:term":[{"taxonomy":"category","embeddable":true,"href":"https:\/\/eldiariodesanpedro.com.ar\/sitio\/wp-json\/wp\/v2\/categories?post=67725"},{"taxonomy":"post_tag","embeddable":true,"href":"https:\/\/eldiariodesanpedro.com.ar\/sitio\/wp-json\/wp\/v2\/tags?post=67725"}],"curies":[{"name":"wp","href":"https:\/\/api.w.org\/{rel}","templated":true}]}}