{"id":67722,"date":"2020-01-28T09:57:57","date_gmt":"2020-01-28T12:57:57","guid":{"rendered":"https:\/\/eldiariodesanpedro.com.ar\/sitio\/?p=67722"},"modified":"2020-01-28T09:58:02","modified_gmt":"2020-01-28T12:58:02","slug":"arrecifes-un-cristo-que-no-resucita","status":"publish","type":"post","link":"https:\/\/eldiariodesanpedro.com.ar\/sitio\/arrecifes-un-cristo-que-no-resucita\/","title":{"rendered":"ARRECIFES | Un Cristo que no \u201cresucita\u201d"},"content":{"rendered":"<!-- VideographyWP Plugin Message: Automatic video embedding prevented by plugin options. -->\n\n<p>El 10 de abril del a\u00f1o pasado el Concejo Deliberante aprobaba por unanimidad el pedido presentado por la Municipalidad de retirar el Cristo de la Hermandad ubicado en la zona de la estaci\u00f3n de ferrocarril.<\/p>\n\n\n\n<p>La solicitud fue \u201cpara realizar tareas de mantenimiento y reparaci\u00f3n\u201d sobre la obra. En la nota se aclaraba que luego de esos trabajos el Cristo podr\u00eda ser repuesto en \u00e9se o en otro lugar.<\/p>\n\n\n\n<p>Un mes despu\u00e9s, el 11 de mayo, el imponente Cristo fue retirado por un par de gr\u00faas y trasladado al Sector Industrial Planificado, donde te\u00f3ricamente se iban a cumplir los trabajos mencionados para luego volverlo a entronizar.<\/p>\n\n\n\n<p>Han pasado ya m\u00e1s de ocho meses y no hay novedades del Cristo de la Hermandad, una obra emblem\u00e1tica de Arrecifes que hasta dio nombre a ese punto de la ciudad. Sigue all\u00ed, en el Parque Industrial, \u00bfpara siempre?Compart\u00ed esta noticia<a rel=\"noreferrer noopener\" href=\"https:\/\/www.facebook.com\/sharer.php?u=https%3A%2F%2Farrecifesnoticias.com%2Fsociedad%2Fun-cristo-que-no-resucita%2F\" target=\"_blank\"><\/a>63.<\/p>\n\n\n\n<p>Fuente: Noticias Arrecifes<\/p>\n","protected":false},"excerpt":{"rendered":"<p>El 10 de abril del a\u00f1o pasado el Concejo Deliberante aprobaba por unanimidad el pedido presentado por la Municipalidad de retirar el Cristo de la Hermandad ubicado en la zona de la estaci\u00f3n de ferrocarril. La solicitud fue \u201cpara realizar tareas de mantenimiento y reparaci\u00f3n\u201d sobre la obra. En la nota se aclaraba que luego [&hellip;]<\/p>\n","protected":false},"author":4,"featured_media":67723,"comment_status":"open","ping_status":"closed","sticky":false,"template":"","format":"standard","meta":{"om_disable_all_campaigns":false,"_jetpack_memberships_contains_paid_content":false,"footnotes":""},"categories":[621],"tags":[],"class_list":["post-67722","post","type-post","status-publish","format-standard","has-post-thumbnail","hentry","category-regionales"],"aioseo_notices":[],"gutentor_comment":0,"jetpack_featured_media_url":"https:\/\/eldiariodesanpedro.com.ar\/sitio\/wp-content\/uploads\/2020\/01\/Cristo-5-702x510-1.jpg","jetpack_shortlink":"https:\/\/wp.me\/p6RhLt-hCi","jetpack_sharing_enabled":true,"_links":{"self":[{"href":"https:\/\/eldiariodesanpedro.com.ar\/sitio\/wp-json\/wp\/v2\/posts\/67722","targetHints":{"allow":["GET"]}}],"collection":[{"href":"https:\/\/eldiariodesanpedro.com.ar\/sitio\/wp-json\/wp\/v2\/posts"}],"about":[{"href":"https:\/\/eldiariodesanpedro.com.ar\/sitio\/wp-json\/wp\/v2\/types\/post"}],"author":[{"embeddable":true,"href":"https:\/\/eldiariodesanpedro.com.ar\/sitio\/wp-json\/wp\/v2\/users\/4"}],"replies":[{"embeddable":true,"href":"https:\/\/eldiariodesanpedro.com.ar\/sitio\/wp-json\/wp\/v2\/comments?post=67722"}],"version-history":[{"count":1,"href":"https:\/\/eldiariodesanpedro.com.ar\/sitio\/wp-json\/wp\/v2\/posts\/67722\/revisions"}],"predecessor-version":[{"id":67724,"href":"https:\/\/eldiariodesanpedro.com.ar\/sitio\/wp-json\/wp\/v2\/posts\/67722\/revisions\/67724"}],"wp:featuredmedia":[{"embeddable":true,"href":"https:\/\/eldiariodesanpedro.com.ar\/sitio\/wp-json\/wp\/v2\/media\/67723"}],"wp:attachment":[{"href":"https:\/\/eldiariodesanpedro.com.ar\/sitio\/wp-json\/wp\/v2\/media?parent=67722"}],"wp:term":[{"taxonomy":"category","embeddable":true,"href":"https:\/\/eldiariodesanpedro.com.ar\/sitio\/wp-json\/wp\/v2\/categories?post=67722"},{"taxonomy":"post_tag","embeddable":true,"href":"https:\/\/eldiariodesanpedro.com.ar\/sitio\/wp-json\/wp\/v2\/tags?post=67722"}],"curies":[{"name":"wp","href":"https:\/\/api.w.org\/{rel}","templated":true}]}}