{"id":67719,"date":"2020-01-28T09:56:12","date_gmt":"2020-01-28T12:56:12","guid":{"rendered":"https:\/\/eldiariodesanpedro.com.ar\/sitio\/?p=67719"},"modified":"2020-01-28T09:56:17","modified_gmt":"2020-01-28T12:56:17","slug":"arrecifes-la-camara-apoya-la-lucha-contra-el-aumento-en-los-alimentos","status":"publish","type":"post","link":"https:\/\/eldiariodesanpedro.com.ar\/sitio\/arrecifes-la-camara-apoya-la-lucha-contra-el-aumento-en-los-alimentos\/","title":{"rendered":"ARRECIFES | La C\u00e1mara apoya la lucha contra el aumento en los alimentos"},"content":{"rendered":"<!-- VideographyWP Plugin Message: Automatic video embedding prevented by plugin options. -->\n\n<p>La C\u00e1mara de Comercio e Industria de Arrecifes informa que la CAME (Confederaci\u00f3n Argentina de la Mediana Empresa) manifest\u00f3 su apoyo expl\u00edcito a la lucha del Gobierno nacional contra el aumento indiscriminado de precios de los alimentos.<\/p>\n\n\n\n<p>El secretario general de la CAME, Jos\u00e9 Bereciart\u00faa, respald\u00f3 la intenci\u00f3n del presidente de la Naci\u00f3n, Alberto Fern\u00e1ndez, de sancionar la Ley de G\u00f3ndolas (en supermercados) basado en lo que consider\u00f3 \u201cuna enorme irresponsabilidad de los empresarios formadores de precios\u201d.<\/p>\n\n\n\n<p>Bereciart\u00faa sostuvo que \u201cla pelea contra los incrementos es algo que debemos dar todos los que formamos la cadena comercial y de distribuci\u00f3n, desde el minorista hasta el mayorista, el peque\u00f1o comerciante y toda la cadena industrial. Todos debemos unirnos en esta epopeya\u201d.<br>\u201cNo hay l\u00f3gica alguna para que se sigan indexando y se fomente el proceso inflacionario, en donde la mayor responsabilidad es de los formadores de precios, que no somos las pymes comerciales\u201d, agreg\u00f3.<\/p>\n\n\n\n<p>El presidente de la C\u00e1mara de Comercio e Industria arrecife\u00f1a, Ricardo Zerda, adhiri\u00f3 considerando que \u201cno se trata de tomar una postura pol\u00edtica a favor de un gobierno sino a determinadas acciones de gobierno como \u00e9sta. El aumento injustificado de precios en la canasta b\u00e1sica de alimentos no s\u00f3lo perjudica a los consumidores sino tambi\u00e9n a los comerciantes locales, ya que no son precisamente ellos los que obtienen mayores ganancias. Por el contrario, a ellos les llega la mercader\u00eda ya remarcada y en muchos casos deben ajustar sus ganancias para no trasladar en forma directa esa suba a sus clientes. Adem\u00e1s de disminuir el volumen de venta puesto que la gente tiene que limitarse a comprar lo estrictamente imprescindible\u201d.<\/p>\n\n\n\n<p>Fuente: Arrecifes Noticias<\/p>\n","protected":false},"excerpt":{"rendered":"<p>La C\u00e1mara de Comercio e Industria de Arrecifes informa que la CAME (Confederaci\u00f3n Argentina de la Mediana Empresa) manifest\u00f3 su apoyo expl\u00edcito a la lucha del Gobierno nacional contra el aumento indiscriminado de precios de los alimentos. El secretario general de la CAME, Jos\u00e9 Bereciart\u00faa, respald\u00f3 la intenci\u00f3n del presidente de la Naci\u00f3n, Alberto Fern\u00e1ndez, [&hellip;]<\/p>\n","protected":false},"author":4,"featured_media":67720,"comment_status":"open","ping_status":"closed","sticky":false,"template":"","format":"standard","meta":{"om_disable_all_campaigns":false,"_jetpack_memberships_contains_paid_content":false,"footnotes":""},"categories":[621],"tags":[],"class_list":["post-67719","post","type-post","status-publish","format-standard","has-post-thumbnail","hentry","category-regionales"],"aioseo_notices":[],"gutentor_comment":0,"jetpack_featured_media_url":"https:\/\/eldiariodesanpedro.com.ar\/sitio\/wp-content\/uploads\/2020\/01\/Bereciartua-CAME-800x510-1.jpg","jetpack_shortlink":"https:\/\/wp.me\/p6RhLt-hCf","jetpack_sharing_enabled":true,"_links":{"self":[{"href":"https:\/\/eldiariodesanpedro.com.ar\/sitio\/wp-json\/wp\/v2\/posts\/67719","targetHints":{"allow":["GET"]}}],"collection":[{"href":"https:\/\/eldiariodesanpedro.com.ar\/sitio\/wp-json\/wp\/v2\/posts"}],"about":[{"href":"https:\/\/eldiariodesanpedro.com.ar\/sitio\/wp-json\/wp\/v2\/types\/post"}],"author":[{"embeddable":true,"href":"https:\/\/eldiariodesanpedro.com.ar\/sitio\/wp-json\/wp\/v2\/users\/4"}],"replies":[{"embeddable":true,"href":"https:\/\/eldiariodesanpedro.com.ar\/sitio\/wp-json\/wp\/v2\/comments?post=67719"}],"version-history":[{"count":1,"href":"https:\/\/eldiariodesanpedro.com.ar\/sitio\/wp-json\/wp\/v2\/posts\/67719\/revisions"}],"predecessor-version":[{"id":67721,"href":"https:\/\/eldiariodesanpedro.com.ar\/sitio\/wp-json\/wp\/v2\/posts\/67719\/revisions\/67721"}],"wp:featuredmedia":[{"embeddable":true,"href":"https:\/\/eldiariodesanpedro.com.ar\/sitio\/wp-json\/wp\/v2\/media\/67720"}],"wp:attachment":[{"href":"https:\/\/eldiariodesanpedro.com.ar\/sitio\/wp-json\/wp\/v2\/media?parent=67719"}],"wp:term":[{"taxonomy":"category","embeddable":true,"href":"https:\/\/eldiariodesanpedro.com.ar\/sitio\/wp-json\/wp\/v2\/categories?post=67719"},{"taxonomy":"post_tag","embeddable":true,"href":"https:\/\/eldiariodesanpedro.com.ar\/sitio\/wp-json\/wp\/v2\/tags?post=67719"}],"curies":[{"name":"wp","href":"https:\/\/api.w.org\/{rel}","templated":true}]}}