{"id":67716,"date":"2020-01-28T09:54:59","date_gmt":"2020-01-28T12:54:59","guid":{"rendered":"https:\/\/eldiariodesanpedro.com.ar\/sitio\/?p=67716"},"modified":"2020-01-28T09:55:04","modified_gmt":"2020-01-28T12:55:04","slug":"baradero-el-intendente-acompano-al-gobernador-de-la-provincia-en-el-lanzamiento-del-programa-escuelas-a-la-obra","status":"publish","type":"post","link":"https:\/\/eldiariodesanpedro.com.ar\/sitio\/baradero-el-intendente-acompano-al-gobernador-de-la-provincia-en-el-lanzamiento-del-programa-escuelas-a-la-obra\/","title":{"rendered":"BARADERO | El intendente acompa\u00f1\u00f3 al gobernador de la provincia en el lanzamiento del programa \u00abEscuelas a la Obra\u00bb"},"content":{"rendered":"<!-- VideographyWP Plugin Message: Automatic video embedding prevented by plugin options. -->\n\n<p>\n\nAxel Kicillof present\u00f3 el&nbsp;programa&nbsp;\u00abEscuelas a la Obra\u00bb,&nbsp;que consiste en destinar&nbsp;800 millones de pesos para realizar&nbsp;752 obras de reparaci\u00f3n&nbsp;y mejoramiento en diferentes colegios de la provincia.&nbsp;El jefe comunal Esteban Sanzio, firm\u00f3 el convenio de mejora infraestructural y fue acompa\u00f1ado por Nicol\u00e1s Moreira, secretario de cultura, turismo, educaci\u00f3n y deporte.&nbsp;<em>\u00abV<\/em><em>amos a brindarles a las ni\u00f1as, ni\u00f1os y j\u00f3venes de Baradero una infraestructura escolar segura, habitable y funcional que genere las condiciones para que el derecho a la ense\u00f1anza y el aprendizaje pueda darse en las aulas\u00bb&nbsp;<\/em>as<em>El objetivo es que las escuelas sean \u00abseguras, habitables y funcionales\u00bb, con el fin de ayudar a 275.000 alumnos y 21.000 docentes y auxiliares. Las obras tendr\u00e1n lugar durante todo el mes de febrero.<\/em><\/p>\n\n\n\n<p>Kicillof explic\u00f3 que, en la actualidad,\u00a0registraron\u00a0243 obras paralizadas\u00a0que fueron iniciadas en 2014 y 2015 pero no continuaron durante la gesti\u00f3n de Mar\u00eda Eugenia Vidal. En esta oportunidad, con el fin de tener un seguimiento de las obras, implementar\u00e1n un sistema de monitoreo permanente.\u00a0Adem\u00e1s, recordemos que el plan tendr\u00e1 lugar paralelamente al\u00a0programa nacional \u00abArgentina Unida por Educaci\u00f3n y Trabajo\u00bb,\u00a0que busca mejorar los diferentes servicios en las escuelas: agua potable, instalaciones el\u00e9ctrica, gas y refacciones de cubiertas y sanitarios. <\/p>\n\n\n\n<p>Fuente: Baradero Te Informa<\/p>\n","protected":false},"excerpt":{"rendered":"<p>Axel Kicillof present\u00f3 el&nbsp;programa&nbsp;\u00abEscuelas a la Obra\u00bb,&nbsp;que consiste en destinar&nbsp;800 millones de pesos para realizar&nbsp;752 obras de reparaci\u00f3n&nbsp;y mejoramiento en diferentes colegios de la provincia.&nbsp;El jefe comunal Esteban Sanzio, firm\u00f3 el convenio de mejora infraestructural y fue acompa\u00f1ado por Nicol\u00e1s Moreira, secretario de cultura, turismo, educaci\u00f3n y deporte.&nbsp;\u00abVamos a brindarles a las ni\u00f1as, ni\u00f1os y [&hellip;]<\/p>\n","protected":false},"author":4,"featured_media":67717,"comment_status":"open","ping_status":"closed","sticky":false,"template":"","format":"standard","meta":{"om_disable_all_campaigns":false,"_jetpack_memberships_contains_paid_content":false,"footnotes":""},"categories":[621],"tags":[],"class_list":["post-67716","post","type-post","status-publish","format-standard","has-post-thumbnail","hentry","category-regionales"],"aioseo_notices":[],"gutentor_comment":0,"jetpack_featured_media_url":"https:\/\/eldiariodesanpedro.com.ar\/sitio\/wp-content\/uploads\/2020\/01\/Esteban-Sanzio-programa-educacion.jpg","jetpack_shortlink":"https:\/\/wp.me\/p6RhLt-hCc","jetpack_sharing_enabled":true,"_links":{"self":[{"href":"https:\/\/eldiariodesanpedro.com.ar\/sitio\/wp-json\/wp\/v2\/posts\/67716","targetHints":{"allow":["GET"]}}],"collection":[{"href":"https:\/\/eldiariodesanpedro.com.ar\/sitio\/wp-json\/wp\/v2\/posts"}],"about":[{"href":"https:\/\/eldiariodesanpedro.com.ar\/sitio\/wp-json\/wp\/v2\/types\/post"}],"author":[{"embeddable":true,"href":"https:\/\/eldiariodesanpedro.com.ar\/sitio\/wp-json\/wp\/v2\/users\/4"}],"replies":[{"embeddable":true,"href":"https:\/\/eldiariodesanpedro.com.ar\/sitio\/wp-json\/wp\/v2\/comments?post=67716"}],"version-history":[{"count":1,"href":"https:\/\/eldiariodesanpedro.com.ar\/sitio\/wp-json\/wp\/v2\/posts\/67716\/revisions"}],"predecessor-version":[{"id":67718,"href":"https:\/\/eldiariodesanpedro.com.ar\/sitio\/wp-json\/wp\/v2\/posts\/67716\/revisions\/67718"}],"wp:featuredmedia":[{"embeddable":true,"href":"https:\/\/eldiariodesanpedro.com.ar\/sitio\/wp-json\/wp\/v2\/media\/67717"}],"wp:attachment":[{"href":"https:\/\/eldiariodesanpedro.com.ar\/sitio\/wp-json\/wp\/v2\/media?parent=67716"}],"wp:term":[{"taxonomy":"category","embeddable":true,"href":"https:\/\/eldiariodesanpedro.com.ar\/sitio\/wp-json\/wp\/v2\/categories?post=67716"},{"taxonomy":"post_tag","embeddable":true,"href":"https:\/\/eldiariodesanpedro.com.ar\/sitio\/wp-json\/wp\/v2\/tags?post=67716"}],"curies":[{"name":"wp","href":"https:\/\/api.w.org\/{rel}","templated":true}]}}