{"id":67715,"date":"2020-01-28T09:59:50","date_gmt":"2020-01-28T12:59:50","guid":{"rendered":"https:\/\/eldiariodesanpedro.com.ar\/sitio\/?p=67715"},"modified":"2020-01-28T09:59:54","modified_gmt":"2020-01-28T12:59:54","slug":"policias-fueron-apedreados-en-recorrida-finalizo-con-heridos-y-dos-aprehendidos","status":"publish","type":"post","link":"https:\/\/eldiariodesanpedro.com.ar\/sitio\/policias-fueron-apedreados-en-recorrida-finalizo-con-heridos-y-dos-aprehendidos\/","title":{"rendered":"Polic\u00edas fueron apedreados en recorrida, finaliz\u00f3 con heridos y dos aprehendidos"},"content":{"rendered":"<!-- VideographyWP Plugin Message: Automatic video embedding prevented by plugin options. -->\n\n<p>Efectivos policiales resultaron heridos, una lluvia de piedras termin\u00f3 en una batalla campal en el medio del barrio.<br><\/p>\n\n\n\n<p>Sucedio cuando un movil policial que se encontraba en el Barrio Hermano Indio, m\u00e1s precisamente en calle Balcarce al 1500,\u00a0 realizaba un RONDIN, una medida para la protecci\u00f3n contra la violencia de g\u00e9nero.<br><\/p>\n\n\n\n<p>En el recorrido se produjo el violento hecho,  dos personas comenzaron arrojarles piedras y a insultarlos.<\/p>\n\n\n\n<p>La autoridad intent\u00f3 frenar esta situaci\u00f3n pero el episodio se puso m\u00e1s violento cuando trataron de interceptarlos y se produce una persecuci\u00f3n que termina frente en la casa donde residen los agresores.<br><\/p>\n\n\n\n<p>Al momento de su aprehensi\u00f3n, constatando que ambos eran familiares entre s\u00ed, otro movil debi\u00f3 concurrir al lugar en apoyo porque los efectivos estaban siendo apedreados.<br><\/p>\n\n\n\n<p> La situaci\u00f3n creci\u00f3 para mal, hasta una joven se subi\u00f3 al techo de uno de los patrulleros, y como si fuera poco, un perro pitbull comenz\u00f3 a morder a uno de los efectivos. <\/p>\n\n\n\n<p>Todo termino en un caos, m\u00e1s de tres numerarios lesionados y finalmente los hermanos agresores fueron aprehendidos y trasladados a la dependencia local, puestos a disposici\u00f3n de la fiscal\u00eda en turno.<br><\/p>\n\n\n\n<p><\/p>\n","protected":false},"excerpt":{"rendered":"<p>Efectivos policiales resultaron heridos, una lluvia de piedras termin\u00f3 en una batalla campal en el medio del barrio. Sucedio cuando un movil policial que se encontraba en el Barrio Hermano Indio, m\u00e1s precisamente en calle Balcarce al 1500,\u00a0 realizaba un RONDIN, una medida para la protecci\u00f3n contra la violencia de g\u00e9nero. En el recorrido se [&hellip;]<\/p>\n","protected":false},"author":4,"featured_media":66979,"comment_status":"open","ping_status":"closed","sticky":false,"template":"","format":"standard","meta":{"om_disable_all_campaigns":false,"_jetpack_memberships_contains_paid_content":false,"footnotes":""},"categories":[50,2,103],"tags":[],"class_list":["post-67715","post","type-post","status-publish","format-standard","has-post-thumbnail","hentry","category-destacadas","category-locales","category-policiales-locales"],"aioseo_notices":[],"gutentor_comment":1,"jetpack_featured_media_url":"https:\/\/eldiariodesanpedro.com.ar\/sitio\/wp-content\/uploads\/2020\/01\/no_r6svplv98aahu9cno_jkv4vcytez642glcp.jpg","jetpack_shortlink":"https:\/\/wp.me\/p6RhLt-hCb","jetpack_sharing_enabled":true,"_links":{"self":[{"href":"https:\/\/eldiariodesanpedro.com.ar\/sitio\/wp-json\/wp\/v2\/posts\/67715","targetHints":{"allow":["GET"]}}],"collection":[{"href":"https:\/\/eldiariodesanpedro.com.ar\/sitio\/wp-json\/wp\/v2\/posts"}],"about":[{"href":"https:\/\/eldiariodesanpedro.com.ar\/sitio\/wp-json\/wp\/v2\/types\/post"}],"author":[{"embeddable":true,"href":"https:\/\/eldiariodesanpedro.com.ar\/sitio\/wp-json\/wp\/v2\/users\/4"}],"replies":[{"embeddable":true,"href":"https:\/\/eldiariodesanpedro.com.ar\/sitio\/wp-json\/wp\/v2\/comments?post=67715"}],"version-history":[{"count":1,"href":"https:\/\/eldiariodesanpedro.com.ar\/sitio\/wp-json\/wp\/v2\/posts\/67715\/revisions"}],"predecessor-version":[{"id":67726,"href":"https:\/\/eldiariodesanpedro.com.ar\/sitio\/wp-json\/wp\/v2\/posts\/67715\/revisions\/67726"}],"wp:featuredmedia":[{"embeddable":true,"href":"https:\/\/eldiariodesanpedro.com.ar\/sitio\/wp-json\/wp\/v2\/media\/66979"}],"wp:attachment":[{"href":"https:\/\/eldiariodesanpedro.com.ar\/sitio\/wp-json\/wp\/v2\/media?parent=67715"}],"wp:term":[{"taxonomy":"category","embeddable":true,"href":"https:\/\/eldiariodesanpedro.com.ar\/sitio\/wp-json\/wp\/v2\/categories?post=67715"},{"taxonomy":"post_tag","embeddable":true,"href":"https:\/\/eldiariodesanpedro.com.ar\/sitio\/wp-json\/wp\/v2\/tags?post=67715"}],"curies":[{"name":"wp","href":"https:\/\/api.w.org\/{rel}","templated":true}]}}