{"id":67712,"date":"2020-01-28T09:31:46","date_gmt":"2020-01-28T12:31:46","guid":{"rendered":"https:\/\/eldiariodesanpedro.com.ar\/sitio\/?p=67712"},"modified":"2020-01-28T09:31:51","modified_gmt":"2020-01-28T12:31:51","slug":"vanoli-anses-vamos-a-comenzar-a-reparar-la-deuda-social-que-se-acumulo-durante-tantos-anos","status":"publish","type":"post","link":"https:\/\/eldiariodesanpedro.com.ar\/sitio\/vanoli-anses-vamos-a-comenzar-a-reparar-la-deuda-social-que-se-acumulo-durante-tantos-anos\/","title":{"rendered":"Vanoli ANSES: \u201cvamos a comenzar a reparar la deuda social que se acumulo durante tantos a\u00f1os\u00bb"},"content":{"rendered":"<!-- VideographyWP Plugin Message: Automatic video embedding prevented by plugin options. -->\n\n<p>El Director Ejecutivo de la ANSES,&nbsp;<strong>Alejandro Vanoli<\/strong>, afirm\u00f3 hoy que \u201c<em>con la presencia del Estado vamos a comenzar a reparar la deuda social que se acumul\u00f3 durante tantos a\u00f1os y esto nos va a permitir alcanzar el estado de justicia social que los argentinos nos merecemos<\/em>\u201d. Fue en Villa Gesell y San Clemente del Tuy\u00fa, donde dio inicio al Operativo Verano en las dos ciudades balnearias.&nbsp;<\/p>\n\n\n\n<p>En Villa Gesell, el operativo funcionar\u00e1 en el Polo Cultural Sur (Calle 140 y Avenida 3) mientras que en San Clemente ser\u00e1 en la Plaza de la Banderas (Avenida San Mart\u00edn y Calle 2) y brindar\u00e1n atenci\u00f3n al p\u00fablico de lunes a s\u00e1bados de 9 a 11 y de 16 a 20 horas.<\/p>\n\n\n\n<p>En di\u00e1logo con los medios de prensa locales,&nbsp;<strong>Vanoli<\/strong>&nbsp;sostuvo que \u201c<em>entre todos los argentinos tenemos que trascender las diferencias para sacar al pa\u00eds adelante. Pensar en solidaridad es pensar en un Estado presente, por eso, la ANSES, junto con la SRT, est\u00e1 realizando estos operativos de atenci\u00f3n en distintos lugares del pa\u00eds para dar respuesta a los sectores m\u00e1s vulnerables, empezando por aquellos que m\u00e1s sufren\u00bb<\/em>.<\/p>\n\n\n\n<p>Agreg\u00f3 que \u201c<em>estamos en el buen camino para poner la econom\u00eda de pie con un conjunto de medidas sistem\u00e1ticas en el campo social y econ\u00f3mico que lentamente est\u00e1n haciendo posible y sostenible un modelo econ\u00f3mico que permita crecimiento, empleo y producci\u00f3n<\/em>\u201d.<\/p>\n\n\n\n<p>Durante la jornada,&nbsp;<strong>Vanoli<\/strong>&nbsp;estuvo acompa\u00f1ado por el Secretario General de la ANSES,&nbsp;<strong>Santiago Fraschina<\/strong>; y el Gerente General de la Superintendencia de Riesgos del Trabajo (SRT),&nbsp;<strong>Marcelo Dom\u00ednguez<\/strong>. Por parte de la Municipalidad de Villa Gesell, la directora de Gobierno,&nbsp;<strong>Gabriela Carignano<\/strong>; la secretaria de Acci\u00f3n Social,&nbsp;<strong>Anal\u00eda Ben\u00edtez<\/strong>; y, en San Clemente, por el intendente del Partido de la Costa,&nbsp;<strong>Cristian Cardozo<\/strong>, los diputados provinciales&nbsp;<strong>Juan Pablo de Jes\u00fas<\/strong>&nbsp;e&nbsp;<strong>Ignacio \u201c<em>Cote<\/em>\u201d Rossi<\/strong>, la senadora&nbsp;<strong>Gabriela de Mar\u00eda<\/strong>, y autoridades municipales.<\/p>\n\n\n\n<p><strong>Operativo Verano<\/strong><\/p>\n\n\n\n<p>El operativo de atenci\u00f3n dispuesto por la ANSES funcionar\u00e1 durante toda la temporada estival con la modalidad de atenci\u00f3n m\u00f3vil para responder consultas y resolver gestiones de la Seguridad Social.<\/p>\n\n\n\n<p>Permitir\u00e1 a los ciudadanos hacer diversos tr\u00e1mites, tales como actualizaci\u00f3n de datos personales, gestiones vinculadas con Asignaciones Familiares, Ayuda Escolar, Libretas de la Asignaci\u00f3n Universal por Hijo e Hijo con Discapacidad, Asignaci\u00f3n por Embarazo, Clave de la Seguridad Social, Becas PROGRESAR, CODEM, inscripci\u00f3n al Monotributo Social, poderes y cambio de banco para jubilados y pensionados, asesoramiento sobre Cr\u00e9ditos ANSES, Pensiones No Contributivas y Prestaci\u00f3n por Desempleo, entre otros.<\/p>\n\n\n\n<p>Por su parte, la SRT instal\u00f3 un puesto con cascos de realidad virtual para j\u00f3venes con diferentes capacitaciones de prevenci\u00f3n de riesgos en el colegio.<\/p>\n\n\n\n<p><strong>Encuentro con jubilados, shows musicales y actividades culturales en San Clemente del Tuy\u00fa<\/strong><\/p>\n\n\n\n<p>Tambi\u00e9n, el titular de la ANSES visit\u00f3 el centro de jubilados San Clemente del Tuy\u00fa donde comparti\u00f3 un encuentro con adultos mayores. All\u00ed,&nbsp;<strong>Vanoli<\/strong>&nbsp;expres\u00f3: \u201c<em>Les quiero agradecer a ustedes porque durante los \u00faltimos cuatro a\u00f1os reclamaron, lucharon y ahora, que hay un Estado presente y que los escucha, necesitamos que participen, que sean nuestros ojos y nuestros o\u00eddos en cada lugar. Queremos volver a ser un Estado amigable que no desatienda a quienes han trabajado toda la vida y han ayudado a construir la Argentina<\/em>\u201d.<\/p>\n\n\n\n<p>En la inauguraci\u00f3n del operativo en San Clemente, en la Plaza de las Banderas,&nbsp;<strong>Vanoli<\/strong>, asisti\u00f3 al show musical de&nbsp;<em>PapelNonos<\/em>, un grupo social, educativo y cultural que busca promover y generar oportunidades de participaci\u00f3n para un envejecimiento activo con inclusi\u00f3n social de los mayores. Tocan instrumentos de papel, realizan teatro musical, radioteatros y actividades solidarias y culturales para la comunidad.&nbsp;<\/p>\n\n\n\n<p>Asimismo, estuvo presente el d\u00fao&nbsp;<em>Omar y Gladys<\/em>, un grupo con m\u00e1s de 20 a\u00f1os de trayectoria que combina la m\u00fasica folcl\u00f3rica y el humor.<\/p>\n","protected":false},"excerpt":{"rendered":"<p>El Director Ejecutivo de la ANSES,&nbsp;Alejandro Vanoli, afirm\u00f3 hoy que \u201ccon la presencia del Estado vamos a comenzar a reparar la deuda social que se acumul\u00f3 durante tantos a\u00f1os y esto nos va a permitir alcanzar el estado de justicia social que los argentinos nos merecemos\u201d. Fue en Villa Gesell y San Clemente del Tuy\u00fa, [&hellip;]<\/p>\n","protected":false},"author":4,"featured_media":67713,"comment_status":"open","ping_status":"closed","sticky":false,"template":"","format":"standard","meta":{"om_disable_all_campaigns":false,"_jetpack_memberships_contains_paid_content":false,"footnotes":""},"categories":[621],"tags":[],"class_list":["post-67712","post","type-post","status-publish","format-standard","has-post-thumbnail","hentry","category-regionales"],"aioseo_notices":[],"gutentor_comment":0,"jetpack_featured_media_url":"https:\/\/eldiariodesanpedro.com.ar\/sitio\/wp-content\/uploads\/2020\/01\/thumb-scaled.jpg","jetpack_shortlink":"https:\/\/wp.me\/p6RhLt-hC8","jetpack_sharing_enabled":true,"_links":{"self":[{"href":"https:\/\/eldiariodesanpedro.com.ar\/sitio\/wp-json\/wp\/v2\/posts\/67712","targetHints":{"allow":["GET"]}}],"collection":[{"href":"https:\/\/eldiariodesanpedro.com.ar\/sitio\/wp-json\/wp\/v2\/posts"}],"about":[{"href":"https:\/\/eldiariodesanpedro.com.ar\/sitio\/wp-json\/wp\/v2\/types\/post"}],"author":[{"embeddable":true,"href":"https:\/\/eldiariodesanpedro.com.ar\/sitio\/wp-json\/wp\/v2\/users\/4"}],"replies":[{"embeddable":true,"href":"https:\/\/eldiariodesanpedro.com.ar\/sitio\/wp-json\/wp\/v2\/comments?post=67712"}],"version-history":[{"count":1,"href":"https:\/\/eldiariodesanpedro.com.ar\/sitio\/wp-json\/wp\/v2\/posts\/67712\/revisions"}],"predecessor-version":[{"id":67714,"href":"https:\/\/eldiariodesanpedro.com.ar\/sitio\/wp-json\/wp\/v2\/posts\/67712\/revisions\/67714"}],"wp:featuredmedia":[{"embeddable":true,"href":"https:\/\/eldiariodesanpedro.com.ar\/sitio\/wp-json\/wp\/v2\/media\/67713"}],"wp:attachment":[{"href":"https:\/\/eldiariodesanpedro.com.ar\/sitio\/wp-json\/wp\/v2\/media?parent=67712"}],"wp:term":[{"taxonomy":"category","embeddable":true,"href":"https:\/\/eldiariodesanpedro.com.ar\/sitio\/wp-json\/wp\/v2\/categories?post=67712"},{"taxonomy":"post_tag","embeddable":true,"href":"https:\/\/eldiariodesanpedro.com.ar\/sitio\/wp-json\/wp\/v2\/tags?post=67712"}],"curies":[{"name":"wp","href":"https:\/\/api.w.org\/{rel}","templated":true}]}}