{"id":67709,"date":"2020-01-28T09:18:31","date_gmt":"2020-01-28T12:18:31","guid":{"rendered":"https:\/\/eldiariodesanpedro.com.ar\/sitio\/?p=67709"},"modified":"2020-01-28T09:18:37","modified_gmt":"2020-01-28T12:18:37","slug":"nuevos-valores-para-los-derechos-de-ocupacion-o-uso-de-espacio-publico-vigentes-para-el-ano-2020","status":"publish","type":"post","link":"https:\/\/eldiariodesanpedro.com.ar\/sitio\/nuevos-valores-para-los-derechos-de-ocupacion-o-uso-de-espacio-publico-vigentes-para-el-ano-2020\/","title":{"rendered":"Nuevos valores para los derechos de ocupaci\u00f3n o uso de espacio p\u00fablico vigentes para el a\u00f1o 2020"},"content":{"rendered":"<!-- VideographyWP Plugin Message: Automatic video embedding prevented by plugin options. -->\n\n<p>\n\nLa Direcci\u00f3n de Rentas de la Municipalidad de San Pedro informa la vigencia de la Ordenanza Impositiva N\u00ba 6420 para el ejercicio 2020, que establece los importes de DERECHOS DE OCUPACI\u00d3N O USO DE ESPACIO P\u00daBLICO. Los mismos se detallan a continuaci\u00f3n:<\/p>\n\n\n\n<p>*Por colocar mesa y sillas en la vereda:<br>-De 1 a 5 mesas con 4 sillas por mes: $520.-<br>-De 6 a 10 mesas con 4 sillas por mes: $1040.-<br>-De 11 a 20 mesas con 4 sillas por mes: $2080.-<br>-M\u00e1s de 20 mesas con 4 sillas por mes: $3120.-<\/p>\n\n\n\n<p>*Por colocar sillas en la v\u00eda p\u00fablica, hasta 10 sillas por mes: $ 390.-<\/p>\n\n\n\n<p>*Por colocar sillas en la v\u00eda p\u00fablica, m\u00e1s de 10 sillas por mes: $ 580.-<\/p>\n\n\n\n<p>*Por colocar en forma transitoria, por mes, mercader\u00eda o bienes en veredas para su exhibici\u00f3n con la correspondiente autorizaci\u00f3n a saber:<br>-Verduler\u00eda y Fruter\u00eda hasta 15 bultos: $ 400.-<br>-M\u00e1s de 15 bultos, por bulto: $ 600.-<br>-Jugueter\u00eda hasta 10 bultos: $ 400.-<br>-M\u00e1s de 10 bultos, por bulto: $ 600.-<br>-Cualquier otra actividad que ocupe el espacio p\u00fablico hasta 15 bultos: $ 400.-<br>-M\u00e1s de 15 bultos, por bulto: $ 600.-<\/p>\n\n\n\n<p><strong>PR\u00d3RROGA DE VENCIMIENTOS DE ENERO<br><\/strong><strong>Se informa a los contribuyentes que se ha extendido la fecha para el pago de las Tasas Municipales con vencimiento en el mes de Enero al d\u00eda 30\/01\/2020<\/strong><\/p>\n","protected":false},"excerpt":{"rendered":"<p>La Direcci\u00f3n de Rentas de la Municipalidad de San Pedro informa la vigencia de la Ordenanza Impositiva N\u00ba 6420 para el ejercicio 2020, que establece los importes de DERECHOS DE OCUPACI\u00d3N O USO DE ESPACIO P\u00daBLICO. Los mismos se detallan a continuaci\u00f3n: *Por colocar mesa y sillas en la vereda:-De 1 a 5 mesas con [&hellip;]<\/p>\n","protected":false},"author":4,"featured_media":67710,"comment_status":"open","ping_status":"closed","sticky":false,"template":"","format":"standard","meta":{"om_disable_all_campaigns":false,"_jetpack_memberships_contains_paid_content":false,"footnotes":""},"categories":[50,101,2],"tags":[],"class_list":["post-67709","post","type-post","status-publish","format-standard","has-post-thumbnail","hentry","category-destacadas","category-interes-general-locales","category-locales"],"aioseo_notices":[],"gutentor_comment":0,"jetpack_featured_media_url":"https:\/\/eldiariodesanpedro.com.ar\/sitio\/wp-content\/uploads\/2020\/01\/16998909_1867772306839716_482990829867979367_n.jpg","jetpack_shortlink":"https:\/\/wp.me\/p6RhLt-hC5","jetpack_sharing_enabled":true,"_links":{"self":[{"href":"https:\/\/eldiariodesanpedro.com.ar\/sitio\/wp-json\/wp\/v2\/posts\/67709","targetHints":{"allow":["GET"]}}],"collection":[{"href":"https:\/\/eldiariodesanpedro.com.ar\/sitio\/wp-json\/wp\/v2\/posts"}],"about":[{"href":"https:\/\/eldiariodesanpedro.com.ar\/sitio\/wp-json\/wp\/v2\/types\/post"}],"author":[{"embeddable":true,"href":"https:\/\/eldiariodesanpedro.com.ar\/sitio\/wp-json\/wp\/v2\/users\/4"}],"replies":[{"embeddable":true,"href":"https:\/\/eldiariodesanpedro.com.ar\/sitio\/wp-json\/wp\/v2\/comments?post=67709"}],"version-history":[{"count":1,"href":"https:\/\/eldiariodesanpedro.com.ar\/sitio\/wp-json\/wp\/v2\/posts\/67709\/revisions"}],"predecessor-version":[{"id":67711,"href":"https:\/\/eldiariodesanpedro.com.ar\/sitio\/wp-json\/wp\/v2\/posts\/67709\/revisions\/67711"}],"wp:featuredmedia":[{"embeddable":true,"href":"https:\/\/eldiariodesanpedro.com.ar\/sitio\/wp-json\/wp\/v2\/media\/67710"}],"wp:attachment":[{"href":"https:\/\/eldiariodesanpedro.com.ar\/sitio\/wp-json\/wp\/v2\/media?parent=67709"}],"wp:term":[{"taxonomy":"category","embeddable":true,"href":"https:\/\/eldiariodesanpedro.com.ar\/sitio\/wp-json\/wp\/v2\/categories?post=67709"},{"taxonomy":"post_tag","embeddable":true,"href":"https:\/\/eldiariodesanpedro.com.ar\/sitio\/wp-json\/wp\/v2\/tags?post=67709"}],"curies":[{"name":"wp","href":"https:\/\/api.w.org\/{rel}","templated":true}]}}