{"id":67700,"date":"2020-01-27T11:34:18","date_gmt":"2020-01-27T14:34:18","guid":{"rendered":"https:\/\/eldiariodesanpedro.com.ar\/sitio\/?p=67700"},"modified":"2020-01-27T11:34:23","modified_gmt":"2020-01-27T14:34:23","slug":"san-nicolas-capacitan-a-inspectores-en-el-uso-de-nueva-tecnologia","status":"publish","type":"post","link":"https:\/\/eldiariodesanpedro.com.ar\/sitio\/san-nicolas-capacitan-a-inspectores-en-el-uso-de-nueva-tecnologia\/","title":{"rendered":"SAN NICOL\u00c1S | Capacitan a inspectores en el uso de nueva tecnolog\u00eda"},"content":{"rendered":"<!-- VideographyWP Plugin Message: Automatic video embedding prevented by plugin options. -->\n\n<p>\n\nDurante el transcurso de esta semana, inspectores municipales recibieron una capacitaci\u00f3n en el uso de nueva tecnolog\u00eda y sistemas operativos.<\/p>\n\n\n\n<p>Los vecinos pudieron verlos sobre Av. Illia y Zarancondegui, y en otros lugares de la ciudad.<\/p>\n\n\n\n<p>A trav\u00e9s de los nuevos radares se puede medir con mayor precisi\u00f3n la velocidad de los conductores. Por el momento s\u00f3lo est\u00e1n realizando pruebas y capacit\u00e1ndose, pero seguramente en los pr\u00f3ximos d\u00edas estar\u00e1n iniciando con la aplicaci\u00f3n de multas por infracciones.<\/p>\n\n\n\n<p>Fuente: Diario El Informante<\/p>\n","protected":false},"excerpt":{"rendered":"<p>Durante el transcurso de esta semana, inspectores municipales recibieron una capacitaci\u00f3n en el uso de nueva tecnolog\u00eda y sistemas operativos. Los vecinos pudieron verlos sobre Av. Illia y Zarancondegui, y en otros lugares de la ciudad. A trav\u00e9s de los nuevos radares se puede medir con mayor precisi\u00f3n la velocidad de los conductores. Por el [&hellip;]<\/p>\n","protected":false},"author":4,"featured_media":67701,"comment_status":"open","ping_status":"closed","sticky":false,"template":"","format":"standard","meta":{"om_disable_all_campaigns":false,"_jetpack_memberships_contains_paid_content":false,"footnotes":""},"categories":[621],"tags":[],"class_list":["post-67700","post","type-post","status-publish","format-standard","has-post-thumbnail","hentry","category-regionales"],"aioseo_notices":[],"gutentor_comment":0,"jetpack_featured_media_url":"https:\/\/eldiariodesanpedro.com.ar\/sitio\/wp-content\/uploads\/2020\/01\/captura_de_pantalla_de_2020-01-25_12-43-42.jpg","jetpack_shortlink":"https:\/\/wp.me\/p6RhLt-hBW","jetpack_sharing_enabled":true,"_links":{"self":[{"href":"https:\/\/eldiariodesanpedro.com.ar\/sitio\/wp-json\/wp\/v2\/posts\/67700","targetHints":{"allow":["GET"]}}],"collection":[{"href":"https:\/\/eldiariodesanpedro.com.ar\/sitio\/wp-json\/wp\/v2\/posts"}],"about":[{"href":"https:\/\/eldiariodesanpedro.com.ar\/sitio\/wp-json\/wp\/v2\/types\/post"}],"author":[{"embeddable":true,"href":"https:\/\/eldiariodesanpedro.com.ar\/sitio\/wp-json\/wp\/v2\/users\/4"}],"replies":[{"embeddable":true,"href":"https:\/\/eldiariodesanpedro.com.ar\/sitio\/wp-json\/wp\/v2\/comments?post=67700"}],"version-history":[{"count":1,"href":"https:\/\/eldiariodesanpedro.com.ar\/sitio\/wp-json\/wp\/v2\/posts\/67700\/revisions"}],"predecessor-version":[{"id":67702,"href":"https:\/\/eldiariodesanpedro.com.ar\/sitio\/wp-json\/wp\/v2\/posts\/67700\/revisions\/67702"}],"wp:featuredmedia":[{"embeddable":true,"href":"https:\/\/eldiariodesanpedro.com.ar\/sitio\/wp-json\/wp\/v2\/media\/67701"}],"wp:attachment":[{"href":"https:\/\/eldiariodesanpedro.com.ar\/sitio\/wp-json\/wp\/v2\/media?parent=67700"}],"wp:term":[{"taxonomy":"category","embeddable":true,"href":"https:\/\/eldiariodesanpedro.com.ar\/sitio\/wp-json\/wp\/v2\/categories?post=67700"},{"taxonomy":"post_tag","embeddable":true,"href":"https:\/\/eldiariodesanpedro.com.ar\/sitio\/wp-json\/wp\/v2\/tags?post=67700"}],"curies":[{"name":"wp","href":"https:\/\/api.w.org\/{rel}","templated":true}]}}