{"id":67697,"date":"2020-01-27T11:32:00","date_gmt":"2020-01-27T14:32:00","guid":{"rendered":"https:\/\/eldiariodesanpedro.com.ar\/sitio\/?p=67697"},"modified":"2020-01-27T11:32:07","modified_gmt":"2020-01-27T14:32:07","slug":"ramallo-continua-grave-el-hombre-golpeado-por-una-patota","status":"publish","type":"post","link":"https:\/\/eldiariodesanpedro.com.ar\/sitio\/ramallo-continua-grave-el-hombre-golpeado-por-una-patota\/","title":{"rendered":"RAMALLO | Contin\u00faa grave el hombre golpeado por una patota"},"content":{"rendered":"<!-- VideographyWP Plugin Message: Automatic video embedding prevented by plugin options. -->\n\n<p>\n\nEl pasado s\u00e1bado 18 de enero por la ma\u00f1ana Javier Ferreyra de 39 a\u00f1os, fue agredido por un grupo de personas a la salida de una fiesta en Ramallo Pueblo.<\/p>\n\n\n\n<p>Cuando el personal policial lleg\u00f3 al lugar, en calle Espa\u00f1a entre Santa Fe y Castex, Javier se encontraba en el piso en estado de inconsciencia. Minutos mas tarde fue trasladado al Hospital Gomendio y de ah\u00ed derivado al San Felipe de San Nicol\u00e1s donde permanece internado.<br><br>Ferreyra continua inconsciente, alojado en una sala de terapia intensiva en el hospital San Felipe con m\u00faltiples lesiones, pero la m\u00e1s grave es en el cerebro, consultado desde diario El Informante a las autoridades del nosocomio local, nos informaron que actualmente este hombre de 39 a\u00f1os, continua internado en el \u00e1rea de terapia intensiva, con la asistencia de un ventilador mec\u00e1nico, con pronostico reservado, y aclarando que su estado continua siendo delicado.<br><br>Recordamos lo que su hermana Anahi relataba d\u00edas atr\u00e1s; \u201cTodo empez\u00f3 cuando estaban en un cumplea\u00f1os, y por motivos que a\u00fan desconocemos, se arm\u00f3 un problema en el cual uno de este grupo le pega a mi hermano y lo hace caer. Mi hermano se levanta dici\u00e9ndole que no quer\u00eda problemas con nadie, y se fue caminando solo. A las 2 cuadras lo interceptan un auto Fiat Uno color azul. Uno de los que iban en el auto le arroja el cascote con el que le pega en la cabeza y Javier cae en el pavimento\u201d, relata su hermana Anah\u00ed, quien se est\u00e1 encargando de cuidarlo en el \u00e1rea de terapia intensiva, donde est\u00e1 internado en grave estado desde el s\u00e1bado.<br><br>Y contin\u00faa, \u201cen ese momento se bajan todos del veh\u00edculo y empiezan a pegarle con palos, patadas, una mujer le pega con un fierro por la espalda, le pisaron la cabeza, lo patearon, hicieron lo que se les ocurri\u00f3 con \u00e9l. Lo molieron a palos\u201d.<br><br>Algunos vecinos de la zona advirtieron esta situaci\u00f3n y llamaron a la ambulancia. \u201cUn vecino comenz\u00f3 a los gritos al ver que no dejaban de pegarle, junto a otro vecino intentaron parar la golpiza, grit\u00e1ndoles que dejaran de pegarle a Javier que ya estaba desvanecido en el piso por tantos golpes. A los 10 minutos llegamos al lugar con una de mis hermanas y atr\u00e1s nuestro lleg\u00f3 la ambulancia\u201d, detall\u00f3 Anah\u00ed.<br><br>Luego de este hecho, la patota se dio r\u00e1pidamente a la fuga, dejando a Javier tirado en el suelo. \u201cLo atendieron en el hospital de Ramallo, lo entubaron y lo trasladaron de urgencia al hospital San Felipe de San Nicol\u00e1s, en d\u00f3nde ingresa a terapia intensiva. Cerca de las 9:30 de la ma\u00f1ana nos dan el informe m\u00e9dico explicando que Javier corre riesgo de vida, y adem\u00e1s traumatismo de cr\u00e1neo, fractura expuesta de mand\u00edbula, pulm\u00f3n izquierdo afectado, donde le colocaron un tubo para oxigenarle el pulm\u00f3n, rotura de pleura, neumot\u00f3rax. Cortes y golpes graves varios, inflamaci\u00f3n del cerebro.<br><br>Por el hecho al menos cuatro personas est\u00e1n detenidos.<\/p>\n\n\n\n<p>Fuente: Diario El Informante<\/p>\n","protected":false},"excerpt":{"rendered":"<p>El pasado s\u00e1bado 18 de enero por la ma\u00f1ana Javier Ferreyra de 39 a\u00f1os, fue agredido por un grupo de personas a la salida de una fiesta en Ramallo Pueblo. Cuando el personal policial lleg\u00f3 al lugar, en calle Espa\u00f1a entre Santa Fe y Castex, Javier se encontraba en el piso en estado de inconsciencia. [&hellip;]<\/p>\n","protected":false},"author":4,"featured_media":67698,"comment_status":"open","ping_status":"closed","sticky":false,"template":"","format":"standard","meta":{"om_disable_all_campaigns":false,"_jetpack_memberships_contains_paid_content":false,"footnotes":""},"categories":[621],"tags":[],"class_list":["post-67697","post","type-post","status-publish","format-standard","has-post-thumbnail","hentry","category-regionales"],"aioseo_notices":[],"gutentor_comment":0,"jetpack_featured_media_url":"https:\/\/eldiariodesanpedro.com.ar\/sitio\/wp-content\/uploads\/2020\/01\/javier-ferreyra_0.jpg","jetpack_shortlink":"https:\/\/wp.me\/p6RhLt-hBT","jetpack_sharing_enabled":true,"_links":{"self":[{"href":"https:\/\/eldiariodesanpedro.com.ar\/sitio\/wp-json\/wp\/v2\/posts\/67697","targetHints":{"allow":["GET"]}}],"collection":[{"href":"https:\/\/eldiariodesanpedro.com.ar\/sitio\/wp-json\/wp\/v2\/posts"}],"about":[{"href":"https:\/\/eldiariodesanpedro.com.ar\/sitio\/wp-json\/wp\/v2\/types\/post"}],"author":[{"embeddable":true,"href":"https:\/\/eldiariodesanpedro.com.ar\/sitio\/wp-json\/wp\/v2\/users\/4"}],"replies":[{"embeddable":true,"href":"https:\/\/eldiariodesanpedro.com.ar\/sitio\/wp-json\/wp\/v2\/comments?post=67697"}],"version-history":[{"count":1,"href":"https:\/\/eldiariodesanpedro.com.ar\/sitio\/wp-json\/wp\/v2\/posts\/67697\/revisions"}],"predecessor-version":[{"id":67699,"href":"https:\/\/eldiariodesanpedro.com.ar\/sitio\/wp-json\/wp\/v2\/posts\/67697\/revisions\/67699"}],"wp:featuredmedia":[{"embeddable":true,"href":"https:\/\/eldiariodesanpedro.com.ar\/sitio\/wp-json\/wp\/v2\/media\/67698"}],"wp:attachment":[{"href":"https:\/\/eldiariodesanpedro.com.ar\/sitio\/wp-json\/wp\/v2\/media?parent=67697"}],"wp:term":[{"taxonomy":"category","embeddable":true,"href":"https:\/\/eldiariodesanpedro.com.ar\/sitio\/wp-json\/wp\/v2\/categories?post=67697"},{"taxonomy":"post_tag","embeddable":true,"href":"https:\/\/eldiariodesanpedro.com.ar\/sitio\/wp-json\/wp\/v2\/tags?post=67697"}],"curies":[{"name":"wp","href":"https:\/\/api.w.org\/{rel}","templated":true}]}}