{"id":67690,"date":"2020-01-27T12:18:45","date_gmt":"2020-01-27T15:18:45","guid":{"rendered":"https:\/\/eldiariodesanpedro.com.ar\/sitio\/?p=67690"},"modified":"2020-01-27T12:23:17","modified_gmt":"2020-01-27T15:23:17","slug":"dr-lima-defensor-del-policia-gomez-no-disparo-a-matar-el-arma-que-uso-teoricamente-no-es-letal","status":"publish","type":"post","link":"https:\/\/eldiariodesanpedro.com.ar\/sitio\/dr-lima-defensor-del-policia-gomez-no-disparo-a-matar-el-arma-que-uso-teoricamente-no-es-letal\/","title":{"rendered":"Dr Lima, defensor del polic\u00eda Gomez: \u00abNo dispar\u00f3 a matar, el arma que uso te\u00f3ricamente no es letal\u00bb"},"content":{"rendered":"<!-- VideographyWP Plugin Message: Automatic video embedding prevented by plugin options. -->\n\n<p>El efectivo acusado de matar\u00a0 a Angel Luna se encuentra detenido en Ramallo, su abogado defensor Hugo Lima brind\u00f3 detalles a nuestra redacci\u00f3n.<br><\/p>\n\n\n\n<p>Luego de\u00a0 declarar ante el fiscal Vicente G\u00f3mez de la UFI 9 de Baradero, el efectivo se encuentra detenido en la dependencia de la vecina localidad de Ramallo.<br><\/p>\n\n\n\n<p>Hugo Lima, quien representa judicialmente al efectivo Facundo Gomez, di\u00e1logo con los medios locales donde brind\u00f3 detalles del caso:<br><\/p>\n\n\n\n<p>\u00abingresa a una casa que hab\u00edan llamado por disturbios, un conflicto violento que se estaba produciendo familiar donde el chico aparentemente se hab\u00eda ido y hab\u00eda ingresado a otra casa, cuando G\u00f3mez entra parece no ver nada, cuando se est\u00e1 retirando una mujer lo llama y le dice que se ve\u00eda gente en el patio\u00bb<br><\/p>\n\n\n\n<p>\u00abestamos hablando que el hecho se produjo a las 4 de la ma\u00f1ana, completamente oscuro estaba el lugar, sin luz, cuando el efectivo\u00a0 entra ve un movimiento en el patio y para persuadir tira  una bala , una bala de posta de goma y en ese momento sale una persona que lo apunta con un arma y ah\u00ed en ese momento tira otro tiro de posta de goma\u00a0 tambi\u00e9n, cuando luego lo ve a los pocos metros descompuesto en el suelo y sale a pedir apoyo\u00bb<br><\/p>\n\n\n\n<p>\u201cresulta que la bala o estaba vencida, o fue la corta distancia o no se sabe porque le ocasiona la muerte, lo cierto es que lo encuentran a Luna con un 38 que es con el arma que hab\u00eda apuntado a G\u00f3mez, estamos hablando que Luna era un hombre que estaba armado, que tiene antecedentes por agresiones, por adicciones y un mont\u00f3n de problemas mas tambien y esa noche estaba muy violento, el polic\u00eda fue muy contundente al llamado, la propia familia llama por telefono , asi fue b\u00e1sicamente lo que declar\u00f3 en la causa, as\u00ed lo declar\u00f3 tambi\u00e9n su compa\u00f1ero y la hermana del fallecido\u00bb<br><\/p>\n\n\n\n<p>Con respecto a la contradicci\u00f3n en el caso con la familia de Luna, donde afirman que no se encontraba armado\u00a0 y ante la sospecha de la fiscal\u00eda tambi\u00e9n, Lima expres\u00f3, \u00abbueno esto es t\u00edpico,  pasa siempre cuando es una historia policial, el pobre chico fue, respondi\u00f3 a un llamado, no tenia porque matar a nadie, no conoc\u00eda a la v\u00edctima, estamos hablando\u00a0 que fue a una hora que no se ve\u00eda nada, \u00e9l apuntando con una linternita de esas chiquitas que les dan a ellos con el uniforme,  adem\u00e1s se encuentra con una persona que lo apunta con un arma, que de hecho est\u00e1 secuestrada y figura en el expediente\u00bb<br><\/p>\n\n\n\n<p>Adem\u00e1s apunt\u00f3 contra la fiscal\u00eda, \u00abla fiscal\u00eda siempre genera alg\u00fan problema por eso pasa lo que pasa, aparecen 10 polic\u00edas muertos y pasan estas cosas,\u00a0 es justamente el gran dilema pol\u00edtico, el tema de que si est\u00e1n armados o si no tienen que estar armados, si tienen que ir ir o no las personas que hacen un llamado que tienen conflictos familiares, es la realidad, este chico polic\u00eda concurri\u00f3 a un llamado de una casa, los disturbios est\u00e1n comprobados,\u00a0 la persona que fallece es una persona que tiene antecedentes por violencia, hab\u00eda una serie de cosas, ahora que quieran o puedan pensar si el arma estaba o no estaba, tampoco cambia mucho porque el no disparo  con una bala que te\u00f3ricamente era letal,  el sabia que eran postas de goma, despu\u00e9s si eso ocasion\u00f3 la muerte ni siquiera es la intenci\u00f3n de \u00e9l, las postas de goma est\u00e1n para disuadir a una persona violenta\u00bb<br><\/p>\n\n\n\n<p>Su relato tambi\u00e9n lo llev\u00f3 a recordar un caso en otra ciudad, entre dos efectivos, donde uno falleci\u00f3 por una bala de goma, pero estaba vencida, \u00abtienen un vencimiento que no se renuevan, por todo el problema que tiene la provincia que ya lo sabemos,\u00a0 se cristalizan y producen m\u00e1s da\u00f1o de lo que pudieran causar, porque solo deber\u00eda producir un impacto para que la persona no contin\u00fae haciendo el mal que est\u00e1 haciendo\u00bb<br><\/p>\n\n\n\n<p>\u00abHubo dos disparos, uno fue para disuadir y el otro para defenderse, es m\u00e1s el arma la ve la mujer que estaba ah\u00ed en la casa\u00bb y agreg\u00f3 \u00ablo que tenemos de prueba es que, vos te encontras con un llamado y vas a cumplir con tu deber, la polic\u00eda no anda con armas de fuego escondidas para con las dudas\u00bb<br><\/p>\n\n\n\n<p>\u201cestas contradicciones ocurren cuando pasan estos hechos, es normal, no es que quiera alguien mentir o no, cada uno cubre su espalda y frente a eso cada uno trata de buscar su mejor versi\u00f3n , pero los elementos objetivos que hay en la causa son: un secuestro de un arma que no es reglamentaria, es un 38 un arma de guerra y las postas de goma que dispar\u00f3 el polic\u00eda \u00ab<br><\/p>\n\n\n\n<p>\u201cestamos hablando de un delito no excarcelable, este procedimiento tiene 5 dias para saber si se excarcela o no, y despu\u00e9s tienen 15 d\u00edas para pedir una preventiva o no, y ah\u00ed se van a tratar las cuestiones de si hay leg\u00edtima defensa, si hay homicidio preintencional, hay miles de alternativas porque bueno hay una bala de posta de goma que de alguna manera le ocasiona la muerte,\u00a0 por otro lado se ver\u00e1 tambi\u00e9n la intenci\u00f3n del polic\u00eda que es no matar esta persona, se debe estudiar todo\u00bb, culmin\u00f3.<\/p>\n\n\n\n<p>Este lunes, el fiscal Hernan Granda de la UFI 8 , vuelve a titular la causa. <br><\/p>\n","protected":false},"excerpt":{"rendered":"<p>El efectivo acusado de matar\u00a0 a Angel Luna se encuentra detenido en Ramallo, su abogado defensor Hugo Lima brind\u00f3 detalles a nuestra redacci\u00f3n. Luego de\u00a0 declarar ante el fiscal Vicente G\u00f3mez de la UFI 9 de Baradero, el efectivo se encuentra detenido en la dependencia de la vecina localidad de Ramallo. Hugo Lima, quien representa [&hellip;]<\/p>\n","protected":false},"author":4,"featured_media":67703,"comment_status":"open","ping_status":"closed","sticky":false,"template":"","format":"standard","meta":{"om_disable_all_campaigns":false,"_jetpack_memberships_contains_paid_content":false,"footnotes":""},"categories":[50,2,103],"tags":[],"class_list":["post-67690","post","type-post","status-publish","format-standard","has-post-thumbnail","hentry","category-destacadas","category-locales","category-policiales-locales"],"aioseo_notices":[],"gutentor_comment":1,"jetpack_featured_media_url":"https:\/\/eldiariodesanpedro.com.ar\/sitio\/wp-content\/uploads\/2020\/01\/b2cfad89-a0d1-477e-9cef-2d8bb1bfd93e.jpg","jetpack_shortlink":"https:\/\/wp.me\/p6RhLt-hBM","jetpack_sharing_enabled":true,"_links":{"self":[{"href":"https:\/\/eldiariodesanpedro.com.ar\/sitio\/wp-json\/wp\/v2\/posts\/67690","targetHints":{"allow":["GET"]}}],"collection":[{"href":"https:\/\/eldiariodesanpedro.com.ar\/sitio\/wp-json\/wp\/v2\/posts"}],"about":[{"href":"https:\/\/eldiariodesanpedro.com.ar\/sitio\/wp-json\/wp\/v2\/types\/post"}],"author":[{"embeddable":true,"href":"https:\/\/eldiariodesanpedro.com.ar\/sitio\/wp-json\/wp\/v2\/users\/4"}],"replies":[{"embeddable":true,"href":"https:\/\/eldiariodesanpedro.com.ar\/sitio\/wp-json\/wp\/v2\/comments?post=67690"}],"version-history":[{"count":2,"href":"https:\/\/eldiariodesanpedro.com.ar\/sitio\/wp-json\/wp\/v2\/posts\/67690\/revisions"}],"predecessor-version":[{"id":67705,"href":"https:\/\/eldiariodesanpedro.com.ar\/sitio\/wp-json\/wp\/v2\/posts\/67690\/revisions\/67705"}],"wp:featuredmedia":[{"embeddable":true,"href":"https:\/\/eldiariodesanpedro.com.ar\/sitio\/wp-json\/wp\/v2\/media\/67703"}],"wp:attachment":[{"href":"https:\/\/eldiariodesanpedro.com.ar\/sitio\/wp-json\/wp\/v2\/media?parent=67690"}],"wp:term":[{"taxonomy":"category","embeddable":true,"href":"https:\/\/eldiariodesanpedro.com.ar\/sitio\/wp-json\/wp\/v2\/categories?post=67690"},{"taxonomy":"post_tag","embeddable":true,"href":"https:\/\/eldiariodesanpedro.com.ar\/sitio\/wp-json\/wp\/v2\/tags?post=67690"}],"curies":[{"name":"wp","href":"https:\/\/api.w.org\/{rel}","templated":true}]}}