{"id":67689,"date":"2020-01-27T10:56:04","date_gmt":"2020-01-27T13:56:04","guid":{"rendered":"https:\/\/eldiariodesanpedro.com.ar\/sitio\/?p=67689"},"modified":"2020-01-27T10:56:09","modified_gmt":"2020-01-27T13:56:09","slug":"chocaron-dos-motocicletas","status":"publish","type":"post","link":"https:\/\/eldiariodesanpedro.com.ar\/sitio\/chocaron-dos-motocicletas\/","title":{"rendered":"Chocaron dos motocicletas"},"content":{"rendered":"<!-- VideographyWP Plugin Message: Automatic video embedding prevented by plugin options. -->\n\n<p>En la tarde de domingo se produjo un accidente de tr\u00e1nsito entre dos motocicletas donde un hombre result\u00f3 lesionado.<\/p>\n\n\n\n<p>Por razones que se tratan de establecer a trav\u00e9s de las pericias policiales en la tarde del domingo en la esquina de Uruguay e Italia colisionaron una motocicleta Cerro 110 cc en el que circulaban un joven y otro joven acompa\u00f1ante, contra otra motocicleta marca Gilera VC 150 cc Strada conducido por un hombre de 57 a\u00f1os de edad.<\/p>\n\n\n\n<p>Como resultado del impacto se hace presente una ambulancia del SAME para el traslado del hombre mayor que result\u00f3 con lesiones leves, por su parte los dem\u00e1s involucrados resultaron ilesos.<\/p>\n","protected":false},"excerpt":{"rendered":"<p>En la tarde de domingo se produjo un accidente de tr\u00e1nsito entre dos motocicletas donde un hombre result\u00f3 lesionado. Por razones que se tratan de establecer a trav\u00e9s de las pericias policiales en la tarde del domingo en la esquina de Uruguay e Italia colisionaron una motocicleta Cerro 110 cc en el que circulaban un [&hellip;]<\/p>\n","protected":false},"author":4,"featured_media":67691,"comment_status":"open","ping_status":"closed","sticky":false,"template":"","format":"standard","meta":{"om_disable_all_campaigns":false,"_jetpack_memberships_contains_paid_content":false,"footnotes":""},"categories":[2,103],"tags":[],"class_list":["post-67689","post","type-post","status-publish","format-standard","has-post-thumbnail","hentry","category-locales","category-policiales-locales"],"aioseo_notices":[],"gutentor_comment":0,"jetpack_featured_media_url":"https:\/\/eldiariodesanpedro.com.ar\/sitio\/wp-content\/uploads\/2020\/01\/same-la-plata.jpg","jetpack_shortlink":"https:\/\/wp.me\/p6RhLt-hBL","jetpack_sharing_enabled":true,"_links":{"self":[{"href":"https:\/\/eldiariodesanpedro.com.ar\/sitio\/wp-json\/wp\/v2\/posts\/67689","targetHints":{"allow":["GET"]}}],"collection":[{"href":"https:\/\/eldiariodesanpedro.com.ar\/sitio\/wp-json\/wp\/v2\/posts"}],"about":[{"href":"https:\/\/eldiariodesanpedro.com.ar\/sitio\/wp-json\/wp\/v2\/types\/post"}],"author":[{"embeddable":true,"href":"https:\/\/eldiariodesanpedro.com.ar\/sitio\/wp-json\/wp\/v2\/users\/4"}],"replies":[{"embeddable":true,"href":"https:\/\/eldiariodesanpedro.com.ar\/sitio\/wp-json\/wp\/v2\/comments?post=67689"}],"version-history":[{"count":1,"href":"https:\/\/eldiariodesanpedro.com.ar\/sitio\/wp-json\/wp\/v2\/posts\/67689\/revisions"}],"predecessor-version":[{"id":67692,"href":"https:\/\/eldiariodesanpedro.com.ar\/sitio\/wp-json\/wp\/v2\/posts\/67689\/revisions\/67692"}],"wp:featuredmedia":[{"embeddable":true,"href":"https:\/\/eldiariodesanpedro.com.ar\/sitio\/wp-json\/wp\/v2\/media\/67691"}],"wp:attachment":[{"href":"https:\/\/eldiariodesanpedro.com.ar\/sitio\/wp-json\/wp\/v2\/media?parent=67689"}],"wp:term":[{"taxonomy":"category","embeddable":true,"href":"https:\/\/eldiariodesanpedro.com.ar\/sitio\/wp-json\/wp\/v2\/categories?post=67689"},{"taxonomy":"post_tag","embeddable":true,"href":"https:\/\/eldiariodesanpedro.com.ar\/sitio\/wp-json\/wp\/v2\/tags?post=67689"}],"curies":[{"name":"wp","href":"https:\/\/api.w.org\/{rel}","templated":true}]}}