{"id":67682,"date":"2020-01-27T10:53:20","date_gmt":"2020-01-27T13:53:20","guid":{"rendered":"https:\/\/eldiariodesanpedro.com.ar\/sitio\/?p=67682"},"modified":"2020-01-27T10:53:25","modified_gmt":"2020-01-27T13:53:25","slug":"baradero-una-mujer-apunalo-a-un-hombre-de-76-anos","status":"publish","type":"post","link":"https:\/\/eldiariodesanpedro.com.ar\/sitio\/baradero-una-mujer-apunalo-a-un-hombre-de-76-anos\/","title":{"rendered":"BARADERO | Una mujer apu\u00f1alo a un hombre de 76 a\u00f1os"},"content":{"rendered":"<!-- VideographyWP Plugin Message: Automatic video embedding prevented by plugin options. -->\n\n<p>El hombre malherido comenz\u00f3 a pedir ayuda a gritos, la sangre le brotaba por distintas partes del cuerpo y sus 76 a\u00f1os no le permit\u00edan salir de ese percance solo. A\u00fan no sal\u00eda del estupor y la sorpresa, no entend\u00eda lo que hab\u00eda pasado. La joven a la que no conoc\u00eda, totalmente fuera de s\u00ed, irracional y violenta le hab\u00eda dado varias pu\u00f1aladas intentando matarlo.Una ambulancia municipal lleg\u00f3 al lugar del hecho, en calle Rademil a la altura del 1000 donde se encontraba Felipe Alaniz con heridas de arma blanca en su cuerpo, fue trasladado de urgencia al Hospital San Felipe. R\u00e1pidamente el hombre fue atendido por el personal de guardia que dictamin\u00f3 que a pesar de lo que parec\u00eda a primera vista, las m\u00faltiples heridas eran superficiales y todo hab\u00eda sido un gran susto.<\/p>\n\n\n\n<p>Ya m\u00e1s tranquilo ante la presencia de los efectivos policiales el hombre relat\u00f3 que estaba en el patio de su casa cuando se present\u00f3 esta mujer a la que no conoc\u00eda y que de la nada empez\u00f3 a discutir con \u00e9l. <\/p>\n\n\n\n<p>En cierto momento la joven sac\u00f3 una cuchilla y comenz\u00f3 a atacarlo para luego huir. La justicia busca identificar a la agresora. Interviene la UFI Nro. 6. <\/p>\n","protected":false},"excerpt":{"rendered":"<p>El hombre malherido comenz\u00f3 a pedir ayuda a gritos, la sangre le brotaba por distintas partes del cuerpo y sus 76 a\u00f1os no le permit\u00edan salir de ese percance solo. A\u00fan no sal\u00eda del estupor y la sorpresa, no entend\u00eda lo que hab\u00eda pasado. La joven a la que no conoc\u00eda, totalmente fuera de s\u00ed, [&hellip;]<\/p>\n","protected":false},"author":4,"featured_media":67683,"comment_status":"open","ping_status":"closed","sticky":false,"template":"","format":"standard","meta":{"om_disable_all_campaigns":false,"_jetpack_memberships_contains_paid_content":false,"footnotes":""},"categories":[621],"tags":[],"class_list":["post-67682","post","type-post","status-publish","format-standard","has-post-thumbnail","hentry","category-regionales"],"aioseo_notices":[],"gutentor_comment":0,"jetpack_featured_media_url":"https:\/\/eldiariodesanpedro.com.ar\/sitio\/wp-content\/uploads\/2020\/01\/0-11.jpg","jetpack_shortlink":"https:\/\/wp.me\/p6RhLt-hBE","jetpack_sharing_enabled":true,"_links":{"self":[{"href":"https:\/\/eldiariodesanpedro.com.ar\/sitio\/wp-json\/wp\/v2\/posts\/67682","targetHints":{"allow":["GET"]}}],"collection":[{"href":"https:\/\/eldiariodesanpedro.com.ar\/sitio\/wp-json\/wp\/v2\/posts"}],"about":[{"href":"https:\/\/eldiariodesanpedro.com.ar\/sitio\/wp-json\/wp\/v2\/types\/post"}],"author":[{"embeddable":true,"href":"https:\/\/eldiariodesanpedro.com.ar\/sitio\/wp-json\/wp\/v2\/users\/4"}],"replies":[{"embeddable":true,"href":"https:\/\/eldiariodesanpedro.com.ar\/sitio\/wp-json\/wp\/v2\/comments?post=67682"}],"version-history":[{"count":1,"href":"https:\/\/eldiariodesanpedro.com.ar\/sitio\/wp-json\/wp\/v2\/posts\/67682\/revisions"}],"predecessor-version":[{"id":67688,"href":"https:\/\/eldiariodesanpedro.com.ar\/sitio\/wp-json\/wp\/v2\/posts\/67682\/revisions\/67688"}],"wp:featuredmedia":[{"embeddable":true,"href":"https:\/\/eldiariodesanpedro.com.ar\/sitio\/wp-json\/wp\/v2\/media\/67683"}],"wp:attachment":[{"href":"https:\/\/eldiariodesanpedro.com.ar\/sitio\/wp-json\/wp\/v2\/media?parent=67682"}],"wp:term":[{"taxonomy":"category","embeddable":true,"href":"https:\/\/eldiariodesanpedro.com.ar\/sitio\/wp-json\/wp\/v2\/categories?post=67682"},{"taxonomy":"post_tag","embeddable":true,"href":"https:\/\/eldiariodesanpedro.com.ar\/sitio\/wp-json\/wp\/v2\/tags?post=67682"}],"curies":[{"name":"wp","href":"https:\/\/api.w.org\/{rel}","templated":true}]}}