{"id":67679,"date":"2020-01-27T10:33:17","date_gmt":"2020-01-27T13:33:17","guid":{"rendered":"https:\/\/eldiariodesanpedro.com.ar\/sitio\/?p=67679"},"modified":"2020-01-27T10:33:22","modified_gmt":"2020-01-27T13:33:22","slug":"campana-principio-de-incendio-en-la-panamericana","status":"publish","type":"post","link":"https:\/\/eldiariodesanpedro.com.ar\/sitio\/campana-principio-de-incendio-en-la-panamericana\/","title":{"rendered":"CAMPANA | Principio de incendio en la Panamericana"},"content":{"rendered":"<!-- VideographyWP Plugin Message: Automatic video embedding prevented by plugin options. -->\n\n<p> Las llamas sorprendieron a un automovilista a la altura de R\u00edo Luj\u00e1n. Bajo un calor agobiante, el fuego se desat\u00f3 en la zona del motor, pero pudo ser controlado a tiempo. Una dotaci\u00f3n de Bomberos trabaj\u00f3 en el lugar.<\/p>\n\n\n\n<p>\n\nUn Renault Stepway se sum\u00f3 a la lista de veh\u00edculos detenidos por el calor, a la vera de la Panamericana.<\/p>\n\n\n\n<p>Pero lo ocurrido sobre el kil\u00f3metro 66.5, en inmediaciones de R\u00edo Luj\u00e1n, fue un poco peor. Un desperfecto mec\u00e1nico en la zona del motor origin\u00f3 llamas que atacaron todo el sector delantero del veh\u00edculo que circulaba sobre la mano que va a Rosario.<\/p>\n\n\n\n<p>El m\u00f3vil 36 de Bomberos, a cargo del Oficial Principal Leuco, se hizo presente en el lugar y la situaci\u00f3n fue controlada antes que los da\u00f1os sean totales.<\/p>\n\n\n\n<p>Efectivos del Comando de Patrulla brindaron seguridad a los ocupantes del auto hasta que llegara la asistencia vehicular. <\/p>\n\n\n\n<p>Fuente: Campana Noticias<\/p>\n","protected":false},"excerpt":{"rendered":"<p>Las llamas sorprendieron a un automovilista a la altura de R\u00edo Luj\u00e1n. Bajo un calor agobiante, el fuego se desat\u00f3 en la zona del motor, pero pudo ser controlado a tiempo. Una dotaci\u00f3n de Bomberos trabaj\u00f3 en el lugar. Un Renault Stepway se sum\u00f3 a la lista de veh\u00edculos detenidos por el calor, a la [&hellip;]<\/p>\n","protected":false},"author":4,"featured_media":67680,"comment_status":"open","ping_status":"closed","sticky":false,"template":"","format":"standard","meta":{"om_disable_all_campaigns":false,"_jetpack_memberships_contains_paid_content":false,"footnotes":""},"categories":[621],"tags":[],"class_list":["post-67679","post","type-post","status-publish","format-standard","has-post-thumbnail","hentry","category-regionales"],"aioseo_notices":[],"gutentor_comment":0,"jetpack_featured_media_url":"https:\/\/eldiariodesanpedro.com.ar\/sitio\/wp-content\/uploads\/2020\/01\/20200126112644.jpg","jetpack_shortlink":"https:\/\/wp.me\/p6RhLt-hBB","jetpack_sharing_enabled":true,"_links":{"self":[{"href":"https:\/\/eldiariodesanpedro.com.ar\/sitio\/wp-json\/wp\/v2\/posts\/67679","targetHints":{"allow":["GET"]}}],"collection":[{"href":"https:\/\/eldiariodesanpedro.com.ar\/sitio\/wp-json\/wp\/v2\/posts"}],"about":[{"href":"https:\/\/eldiariodesanpedro.com.ar\/sitio\/wp-json\/wp\/v2\/types\/post"}],"author":[{"embeddable":true,"href":"https:\/\/eldiariodesanpedro.com.ar\/sitio\/wp-json\/wp\/v2\/users\/4"}],"replies":[{"embeddable":true,"href":"https:\/\/eldiariodesanpedro.com.ar\/sitio\/wp-json\/wp\/v2\/comments?post=67679"}],"version-history":[{"count":1,"href":"https:\/\/eldiariodesanpedro.com.ar\/sitio\/wp-json\/wp\/v2\/posts\/67679\/revisions"}],"predecessor-version":[{"id":67681,"href":"https:\/\/eldiariodesanpedro.com.ar\/sitio\/wp-json\/wp\/v2\/posts\/67679\/revisions\/67681"}],"wp:featuredmedia":[{"embeddable":true,"href":"https:\/\/eldiariodesanpedro.com.ar\/sitio\/wp-json\/wp\/v2\/media\/67680"}],"wp:attachment":[{"href":"https:\/\/eldiariodesanpedro.com.ar\/sitio\/wp-json\/wp\/v2\/media?parent=67679"}],"wp:term":[{"taxonomy":"category","embeddable":true,"href":"https:\/\/eldiariodesanpedro.com.ar\/sitio\/wp-json\/wp\/v2\/categories?post=67679"},{"taxonomy":"post_tag","embeddable":true,"href":"https:\/\/eldiariodesanpedro.com.ar\/sitio\/wp-json\/wp\/v2\/tags?post=67679"}],"curies":[{"name":"wp","href":"https:\/\/api.w.org\/{rel}","templated":true}]}}