{"id":67676,"date":"2020-01-27T10:28:25","date_gmt":"2020-01-27T13:28:25","guid":{"rendered":"https:\/\/eldiariodesanpedro.com.ar\/sitio\/?p=67676"},"modified":"2020-01-27T10:28:30","modified_gmt":"2020-01-27T13:28:30","slug":"campana-lograron-la-internacion-de-un-peligroso-delincuente-juvenil","status":"publish","type":"post","link":"https:\/\/eldiariodesanpedro.com.ar\/sitio\/campana-lograron-la-internacion-de-un-peligroso-delincuente-juvenil\/","title":{"rendered":"CAMPANA | Lograron la internaci\u00f3n de un \u00abpeligroso\u00bb delincuente juvenil"},"content":{"rendered":"<!-- VideographyWP Plugin Message: Automatic video embedding prevented by plugin options. -->\n\n<p> Seg\u00fan consignaron autoridades locales,\u00a0se trata de un \u00abpeligroso ladr\u00f3n de 16 a\u00f1os\u00bb. A su madre, investigada por los hechos tambi\u00e9n, se le impuso una restricci\u00f3n de acercamiento. El Municipio y la Justicia local trabajaron en conjunto.<\/p>\n\n\n\n<p>\n\nLuego de una seguidilla de hechos, y de decenas de denuncias y reclamos de vecinos v\u00edctimas, la justicia orden\u00f3 la internaci\u00f3n compulsiva de quien definieron como \u00abun peligroso delincuente juvenil\u00bb, quien ser\u00eda autor de decenas de hechos en la zona de Lubo, La Argentina y La Esperanza.<\/p>\n\n\n\n<p>Se trata de un menor de 16 a\u00f1os, cuyas iniciales ser\u00edan KFR, quien fue internado por orden de la jueza de Familia Ana Coarasa, luego de la intervenci\u00f3n de la fiscal\u00eda Penal Juvenil, tras cometer varios robos.<\/p>\n\n\n\n<p>A la madre del menor, identificada como M\u00f3nica Alejandra Ruiz, se le impuso una restricci\u00f3n de acercamiento por el lapso de 60 d\u00edas, ya que al parecer estar\u00eda directamente vinculada a los hechos que lleva a cabo el menor.<\/p>\n\n\n\n<p>Desde el municipio se aport\u00f3 importante material probatorio de las c\u00e1maras del CIMOPU a la justicia para esclarecer varios de los hechos en los que estuvo involucrado. <\/p>\n\n\n\n<p>Fuente: Campana Noticias<\/p>\n","protected":false},"excerpt":{"rendered":"<p>Seg\u00fan consignaron autoridades locales,\u00a0se trata de un \u00abpeligroso ladr\u00f3n de 16 a\u00f1os\u00bb. A su madre, investigada por los hechos tambi\u00e9n, se le impuso una restricci\u00f3n de acercamiento. El Municipio y la Justicia local trabajaron en conjunto. Luego de una seguidilla de hechos, y de decenas de denuncias y reclamos de vecinos v\u00edctimas, la justicia orden\u00f3 [&hellip;]<\/p>\n","protected":false},"author":4,"featured_media":67677,"comment_status":"open","ping_status":"closed","sticky":false,"template":"","format":"standard","meta":{"om_disable_all_campaigns":false,"_jetpack_memberships_contains_paid_content":false,"footnotes":""},"categories":[621],"tags":[],"class_list":["post-67676","post","type-post","status-publish","format-standard","has-post-thumbnail","hentry","category-regionales"],"aioseo_notices":[],"gutentor_comment":0,"jetpack_featured_media_url":"https:\/\/eldiariodesanpedro.com.ar\/sitio\/wp-content\/uploads\/2020\/01\/20200126065520.jpg","jetpack_shortlink":"https:\/\/wp.me\/p6RhLt-hBy","jetpack_sharing_enabled":true,"_links":{"self":[{"href":"https:\/\/eldiariodesanpedro.com.ar\/sitio\/wp-json\/wp\/v2\/posts\/67676","targetHints":{"allow":["GET"]}}],"collection":[{"href":"https:\/\/eldiariodesanpedro.com.ar\/sitio\/wp-json\/wp\/v2\/posts"}],"about":[{"href":"https:\/\/eldiariodesanpedro.com.ar\/sitio\/wp-json\/wp\/v2\/types\/post"}],"author":[{"embeddable":true,"href":"https:\/\/eldiariodesanpedro.com.ar\/sitio\/wp-json\/wp\/v2\/users\/4"}],"replies":[{"embeddable":true,"href":"https:\/\/eldiariodesanpedro.com.ar\/sitio\/wp-json\/wp\/v2\/comments?post=67676"}],"version-history":[{"count":1,"href":"https:\/\/eldiariodesanpedro.com.ar\/sitio\/wp-json\/wp\/v2\/posts\/67676\/revisions"}],"predecessor-version":[{"id":67678,"href":"https:\/\/eldiariodesanpedro.com.ar\/sitio\/wp-json\/wp\/v2\/posts\/67676\/revisions\/67678"}],"wp:featuredmedia":[{"embeddable":true,"href":"https:\/\/eldiariodesanpedro.com.ar\/sitio\/wp-json\/wp\/v2\/media\/67677"}],"wp:attachment":[{"href":"https:\/\/eldiariodesanpedro.com.ar\/sitio\/wp-json\/wp\/v2\/media?parent=67676"}],"wp:term":[{"taxonomy":"category","embeddable":true,"href":"https:\/\/eldiariodesanpedro.com.ar\/sitio\/wp-json\/wp\/v2\/categories?post=67676"},{"taxonomy":"post_tag","embeddable":true,"href":"https:\/\/eldiariodesanpedro.com.ar\/sitio\/wp-json\/wp\/v2\/tags?post=67676"}],"curies":[{"name":"wp","href":"https:\/\/api.w.org\/{rel}","templated":true}]}}