{"id":67673,"date":"2020-01-27T10:25:43","date_gmt":"2020-01-27T13:25:43","guid":{"rendered":"https:\/\/eldiariodesanpedro.com.ar\/sitio\/?p=67673"},"modified":"2020-01-27T10:25:49","modified_gmt":"2020-01-27T13:25:49","slug":"baradero-accidente-fatal-en-el-acceso-fallecio-la-otra-tripulante-de-la-motocicleta","status":"publish","type":"post","link":"https:\/\/eldiariodesanpedro.com.ar\/sitio\/baradero-accidente-fatal-en-el-acceso-fallecio-la-otra-tripulante-de-la-motocicleta\/","title":{"rendered":"BARADERO | Accidente fatal en el acceso: Falleci\u00f3 la otra tripulante de la motocicleta"},"content":{"rendered":"<!-- VideographyWP Plugin Message: Automatic video embedding prevented by plugin options. -->\n\n<p> El d\u00eda 25 del corriente mes, se toma conocimiento del deceso de una mujer mayor de edad, quien se encontraba internada en Hospital Local, desde el 13 de Enero de 2020 por el accidente de Tr\u00e1nsito frente a Granix.- Se anoticia a Dra. RIPPA, quien dispone la obtenci\u00f3n de Historia Cl\u00ednica, realizaci\u00f3n de examen cadav\u00e9rico externo y posterior entrega a familiares. <\/p>\n","protected":false},"excerpt":{"rendered":"<p>El d\u00eda 25 del corriente mes, se toma conocimiento del deceso de una mujer mayor de edad, quien se encontraba internada en Hospital Local, desde el 13 de Enero de 2020 por el accidente de Tr\u00e1nsito frente a Granix.- Se anoticia a Dra. RIPPA, quien dispone la obtenci\u00f3n de Historia Cl\u00ednica, realizaci\u00f3n de examen cadav\u00e9rico [&hellip;]<\/p>\n","protected":false},"author":4,"featured_media":67674,"comment_status":"open","ping_status":"closed","sticky":false,"template":"","format":"standard","meta":{"om_disable_all_campaigns":false,"_jetpack_memberships_contains_paid_content":false,"footnotes":""},"categories":[621],"tags":[],"class_list":["post-67673","post","type-post","status-publish","format-standard","has-post-thumbnail","hentry","category-regionales"],"aioseo_notices":[],"gutentor_comment":0,"jetpack_featured_media_url":"https:\/\/eldiariodesanpedro.com.ar\/sitio\/wp-content\/uploads\/2020\/01\/81955202_3358996844170756_7319899169001308160_n-1.png","jetpack_shortlink":"https:\/\/wp.me\/p6RhLt-hBv","jetpack_sharing_enabled":true,"_links":{"self":[{"href":"https:\/\/eldiariodesanpedro.com.ar\/sitio\/wp-json\/wp\/v2\/posts\/67673","targetHints":{"allow":["GET"]}}],"collection":[{"href":"https:\/\/eldiariodesanpedro.com.ar\/sitio\/wp-json\/wp\/v2\/posts"}],"about":[{"href":"https:\/\/eldiariodesanpedro.com.ar\/sitio\/wp-json\/wp\/v2\/types\/post"}],"author":[{"embeddable":true,"href":"https:\/\/eldiariodesanpedro.com.ar\/sitio\/wp-json\/wp\/v2\/users\/4"}],"replies":[{"embeddable":true,"href":"https:\/\/eldiariodesanpedro.com.ar\/sitio\/wp-json\/wp\/v2\/comments?post=67673"}],"version-history":[{"count":1,"href":"https:\/\/eldiariodesanpedro.com.ar\/sitio\/wp-json\/wp\/v2\/posts\/67673\/revisions"}],"predecessor-version":[{"id":67675,"href":"https:\/\/eldiariodesanpedro.com.ar\/sitio\/wp-json\/wp\/v2\/posts\/67673\/revisions\/67675"}],"wp:featuredmedia":[{"embeddable":true,"href":"https:\/\/eldiariodesanpedro.com.ar\/sitio\/wp-json\/wp\/v2\/media\/67674"}],"wp:attachment":[{"href":"https:\/\/eldiariodesanpedro.com.ar\/sitio\/wp-json\/wp\/v2\/media?parent=67673"}],"wp:term":[{"taxonomy":"category","embeddable":true,"href":"https:\/\/eldiariodesanpedro.com.ar\/sitio\/wp-json\/wp\/v2\/categories?post=67673"},{"taxonomy":"post_tag","embeddable":true,"href":"https:\/\/eldiariodesanpedro.com.ar\/sitio\/wp-json\/wp\/v2\/tags?post=67673"}],"curies":[{"name":"wp","href":"https:\/\/api.w.org\/{rel}","templated":true}]}}