{"id":67670,"date":"2020-01-27T10:22:28","date_gmt":"2020-01-27T13:22:28","guid":{"rendered":"https:\/\/eldiariodesanpedro.com.ar\/sitio\/?p=67670"},"modified":"2020-01-27T10:22:33","modified_gmt":"2020-01-27T13:22:33","slug":"baradero-tiros-peleas-y-un-policia-con-la-oreja-mordida","status":"publish","type":"post","link":"https:\/\/eldiariodesanpedro.com.ar\/sitio\/baradero-tiros-peleas-y-un-policia-con-la-oreja-mordida\/","title":{"rendered":"BARADERO | Tiros, peleas y un polic\u00eda con la oreja mordida"},"content":{"rendered":"<!-- VideographyWP Plugin Message: Automatic video embedding prevented by plugin options. -->\n\n<p>El d\u00eda 25 de Enero, personal policial, se dirige a Maip\u00fa entre San Lorenzo y Liaudat, a ra\u00edz de un llamado telef\u00f3nico dando cuenta que un sujeto del sexo masculino hab\u00eda amenazado de muerte con arma de fuego, a bordo de un cami\u00f3n a otras personas.<\/p>\n\n\n\n<p>Constituido en el lugar, logran interceptar a dicho cami\u00f3n y del mismo desciende, un hombre, portando un revolver, con el cual apunta a los uniformados,&nbsp; raz\u00f3n por la cual, los mismos se ponen a resguardo.<\/p>\n\n\n\n<p>Esta persona efect\u00faa disparos hacia los uniformados, raz\u00f3n por la cual se repele la agresi\u00f3n, con su arma reglamentaria provista pistola calibre 9 mm, hacia lugar inerte. Tras lo cual, hombre arroja el arma de fuego hacia descampado.<\/p>\n\n\n\n<p>Al momento que los uniformados tratan de secuestrar dicha arma de fuego, se acercan varios hombres, los cuales tratan de arrebatar el arma de fuego secuestrada, inici\u00e1ndose as\u00ed una gresca en el lugar.<\/p>\n\n\n\n<p>Logr\u00e1ndose la aprehensi\u00f3n del hombre, la mujer que lo acompa\u00f1aba, tratar de liberar al hombre, muerde la oreja izquierda de un efectivo.<\/p>\n\n\n\n<p>Consecuencias hecho, Efectivos policiales, presentan lesiones de diversas consideraciones, hall\u00e1ndose fuera de peligro. El arma secuestrada resulta ser revolver calibre 38, con municiones intactas en su interior.- Diose conocimiento UFI N\u00b0 9 Baradero.- Pericias a cargo de Gendarmer\u00eda Nacional.<\/p>\n\n\n\n<p>Fuente: Baradero Te Informa<\/p>\n","protected":false},"excerpt":{"rendered":"<p>El d\u00eda 25 de Enero, personal policial, se dirige a Maip\u00fa entre San Lorenzo y Liaudat, a ra\u00edz de un llamado telef\u00f3nico dando cuenta que un sujeto del sexo masculino hab\u00eda amenazado de muerte con arma de fuego, a bordo de un cami\u00f3n a otras personas. Constituido en el lugar, logran interceptar a dicho cami\u00f3n [&hellip;]<\/p>\n","protected":false},"author":4,"featured_media":67671,"comment_status":"open","ping_status":"closed","sticky":false,"template":"","format":"standard","meta":{"om_disable_all_campaigns":false,"_jetpack_memberships_contains_paid_content":false,"footnotes":""},"categories":[621],"tags":[],"class_list":["post-67670","post","type-post","status-publish","format-standard","has-post-thumbnail","hentry","category-regionales"],"aioseo_notices":[],"gutentor_comment":0,"jetpack_featured_media_url":"https:\/\/eldiariodesanpedro.com.ar\/sitio\/wp-content\/uploads\/2020\/01\/patrullero-policia-2.jpg","jetpack_shortlink":"https:\/\/wp.me\/p6RhLt-hBs","jetpack_sharing_enabled":true,"_links":{"self":[{"href":"https:\/\/eldiariodesanpedro.com.ar\/sitio\/wp-json\/wp\/v2\/posts\/67670","targetHints":{"allow":["GET"]}}],"collection":[{"href":"https:\/\/eldiariodesanpedro.com.ar\/sitio\/wp-json\/wp\/v2\/posts"}],"about":[{"href":"https:\/\/eldiariodesanpedro.com.ar\/sitio\/wp-json\/wp\/v2\/types\/post"}],"author":[{"embeddable":true,"href":"https:\/\/eldiariodesanpedro.com.ar\/sitio\/wp-json\/wp\/v2\/users\/4"}],"replies":[{"embeddable":true,"href":"https:\/\/eldiariodesanpedro.com.ar\/sitio\/wp-json\/wp\/v2\/comments?post=67670"}],"version-history":[{"count":1,"href":"https:\/\/eldiariodesanpedro.com.ar\/sitio\/wp-json\/wp\/v2\/posts\/67670\/revisions"}],"predecessor-version":[{"id":67672,"href":"https:\/\/eldiariodesanpedro.com.ar\/sitio\/wp-json\/wp\/v2\/posts\/67670\/revisions\/67672"}],"wp:featuredmedia":[{"embeddable":true,"href":"https:\/\/eldiariodesanpedro.com.ar\/sitio\/wp-json\/wp\/v2\/media\/67671"}],"wp:attachment":[{"href":"https:\/\/eldiariodesanpedro.com.ar\/sitio\/wp-json\/wp\/v2\/media?parent=67670"}],"wp:term":[{"taxonomy":"category","embeddable":true,"href":"https:\/\/eldiariodesanpedro.com.ar\/sitio\/wp-json\/wp\/v2\/categories?post=67670"},{"taxonomy":"post_tag","embeddable":true,"href":"https:\/\/eldiariodesanpedro.com.ar\/sitio\/wp-json\/wp\/v2\/tags?post=67670"}],"curies":[{"name":"wp","href":"https:\/\/api.w.org\/{rel}","templated":true}]}}