{"id":67667,"date":"2020-01-27T10:20:32","date_gmt":"2020-01-27T13:20:32","guid":{"rendered":"https:\/\/eldiariodesanpedro.com.ar\/sitio\/?p=67667"},"modified":"2020-01-27T10:20:38","modified_gmt":"2020-01-27T13:20:38","slug":"baradero-buscan-el-paradero-de-un-hombre-de-60-anos","status":"publish","type":"post","link":"https:\/\/eldiariodesanpedro.com.ar\/sitio\/baradero-buscan-el-paradero-de-un-hombre-de-60-anos\/","title":{"rendered":"BARADERO | Buscan el paradero de un hombre de 60 a\u00f1os"},"content":{"rendered":"<!-- VideographyWP Plugin Message: Automatic video embedding prevented by plugin options. -->\n\n<p>Se trata de Alberto Federico Grizzia quien ayer 25 de Enero de 2020, 10:00 horas, se retir\u00f3 a San Pedro a&nbsp; desempe\u00f1arse como alba\u00f1il y lo hizo en colectivo.<\/p>\n\n\n\n<p>Vest\u00eda pantal\u00f3n largo del tipo pescador desmontable con cierres de color beige, camisa mangas largas color blanco y zapatillas de cuerina de color negro.<\/p>\n\n\n\n<p>No se llevo dem\u00e1s prendas de vestir, con $100 y su tel\u00e9fono celular que se encuentra con su l\u00ednea suspendida.<\/p>\n\n\n\n<p>Grizzia es de tez blanca, ojos marrones, cabello largo ondulado rubio con canas, altura 1,80 metros, contextura f\u00edsica robusto, no posee piercing, posee aros en orejas.<\/p>\n\n\n\n<p>Cualquier informaci\u00f3n aportarla a la Comisar\u00eda de Baradero: 480115 \u2013 480756 o l\u00ednea de emergencia 911.<\/p>\n\n\n\n<p>Fuente: Tu Linea Direta<\/p>\n","protected":false},"excerpt":{"rendered":"<p>Se trata de Alberto Federico Grizzia quien ayer 25 de Enero de 2020, 10:00 horas, se retir\u00f3 a San Pedro a&nbsp; desempe\u00f1arse como alba\u00f1il y lo hizo en colectivo. Vest\u00eda pantal\u00f3n largo del tipo pescador desmontable con cierres de color beige, camisa mangas largas color blanco y zapatillas de cuerina de color negro. No se [&hellip;]<\/p>\n","protected":false},"author":4,"featured_media":67668,"comment_status":"open","ping_status":"closed","sticky":false,"template":"","format":"standard","meta":{"om_disable_all_campaigns":false,"_jetpack_memberships_contains_paid_content":false,"footnotes":""},"categories":[621],"tags":[],"class_list":["post-67667","post","type-post","status-publish","format-standard","has-post-thumbnail","hentry","category-regionales"],"aioseo_notices":[],"gutentor_comment":0,"jetpack_featured_media_url":"https:\/\/eldiariodesanpedro.com.ar\/sitio\/wp-content\/uploads\/2020\/01\/Sin-t\u00edtulo-4.jpg","jetpack_shortlink":"https:\/\/wp.me\/p6RhLt-hBp","jetpack_sharing_enabled":true,"_links":{"self":[{"href":"https:\/\/eldiariodesanpedro.com.ar\/sitio\/wp-json\/wp\/v2\/posts\/67667","targetHints":{"allow":["GET"]}}],"collection":[{"href":"https:\/\/eldiariodesanpedro.com.ar\/sitio\/wp-json\/wp\/v2\/posts"}],"about":[{"href":"https:\/\/eldiariodesanpedro.com.ar\/sitio\/wp-json\/wp\/v2\/types\/post"}],"author":[{"embeddable":true,"href":"https:\/\/eldiariodesanpedro.com.ar\/sitio\/wp-json\/wp\/v2\/users\/4"}],"replies":[{"embeddable":true,"href":"https:\/\/eldiariodesanpedro.com.ar\/sitio\/wp-json\/wp\/v2\/comments?post=67667"}],"version-history":[{"count":1,"href":"https:\/\/eldiariodesanpedro.com.ar\/sitio\/wp-json\/wp\/v2\/posts\/67667\/revisions"}],"predecessor-version":[{"id":67669,"href":"https:\/\/eldiariodesanpedro.com.ar\/sitio\/wp-json\/wp\/v2\/posts\/67667\/revisions\/67669"}],"wp:featuredmedia":[{"embeddable":true,"href":"https:\/\/eldiariodesanpedro.com.ar\/sitio\/wp-json\/wp\/v2\/media\/67668"}],"wp:attachment":[{"href":"https:\/\/eldiariodesanpedro.com.ar\/sitio\/wp-json\/wp\/v2\/media?parent=67667"}],"wp:term":[{"taxonomy":"category","embeddable":true,"href":"https:\/\/eldiariodesanpedro.com.ar\/sitio\/wp-json\/wp\/v2\/categories?post=67667"},{"taxonomy":"post_tag","embeddable":true,"href":"https:\/\/eldiariodesanpedro.com.ar\/sitio\/wp-json\/wp\/v2\/tags?post=67667"}],"curies":[{"name":"wp","href":"https:\/\/api.w.org\/{rel}","templated":true}]}}