{"id":67664,"date":"2020-01-27T10:17:27","date_gmt":"2020-01-27T13:17:27","guid":{"rendered":"https:\/\/eldiariodesanpedro.com.ar\/sitio\/?p=67664"},"modified":"2020-01-27T10:17:32","modified_gmt":"2020-01-27T13:17:32","slug":"baradero-la-municipalidad-propuso-a-los-cartoneros-que-conformen-una-cooperativa-de-trabajo","status":"publish","type":"post","link":"https:\/\/eldiariodesanpedro.com.ar\/sitio\/baradero-la-municipalidad-propuso-a-los-cartoneros-que-conformen-una-cooperativa-de-trabajo\/","title":{"rendered":"BARADERO | La municipalidad propuso a los cartoneros que conformen una cooperativa de trabajo"},"content":{"rendered":"<!-- VideographyWP Plugin Message: Automatic video embedding prevented by plugin options. -->\n\n<p>Esta ma\u00f1ana un grupo de recicladores realiz\u00f3 una asamblea en el basural con quema de cubiertas que luego se extendi\u00f3 al palacio municipal donde intentaban ingresar al despacho del intendente y ser recibidos por el mandatario.<\/p>\n\n\n\n<p>La Polic\u00eda hizo un vallado de contenci\u00f3n ya que el clima se hab\u00eda enardecido en el interior del palacio municipal.<\/p>\n\n\n\n<p>Cerca de las 11 de la ma\u00f1ana el Secretario de Gobierno, Rodolfo Lacabanne recibi\u00f3 a los manifestantes.<\/p>\n\n\n\n<p>Finalizada la reuni\u00f3n el funcionario habl\u00f3 con Tu Radio donde explic\u00f3 que \u201ceste reclamo viene desde el a\u00f1o pasado y que incluso pas\u00f3 por el Concejo Deliberante\u201d.<\/p>\n\n\n\n<p>Lacabanne asegur\u00f3 que \u201cpretenden llevar adelante un trabajo responsable respecto a los residuos\u201d.<\/p>\n\n\n\n<p>El Secretario de Gobierno asegur\u00f3 que \u201cle propusieron crear una cooperativa de trabajo donde el municipio pueda realizar una contrataci\u00f3n de los recicladores\u201d.<\/p>\n\n\n\n<p>Cabe recordar que ped\u00edan por mejoras en las condiciones laborales.<\/p>\n\n\n\n<p>Fuente: Tu Linea Directa<\/p>\n","protected":false},"excerpt":{"rendered":"<p>Esta ma\u00f1ana un grupo de recicladores realiz\u00f3 una asamblea en el basural con quema de cubiertas que luego se extendi\u00f3 al palacio municipal donde intentaban ingresar al despacho del intendente y ser recibidos por el mandatario. La Polic\u00eda hizo un vallado de contenci\u00f3n ya que el clima se hab\u00eda enardecido en el interior del palacio [&hellip;]<\/p>\n","protected":false},"author":4,"featured_media":67665,"comment_status":"open","ping_status":"closed","sticky":false,"template":"","format":"standard","meta":{"om_disable_all_campaigns":false,"_jetpack_memberships_contains_paid_content":false,"footnotes":""},"categories":[621],"tags":[],"class_list":["post-67664","post","type-post","status-publish","format-standard","has-post-thumbnail","hentry","category-regionales"],"aioseo_notices":[],"gutentor_comment":0,"jetpack_featured_media_url":"https:\/\/eldiariodesanpedro.com.ar\/sitio\/wp-content\/uploads\/2020\/01\/83481256_2233498386959926_1424606060416598016_o.jpg","jetpack_shortlink":"https:\/\/wp.me\/p6RhLt-hBm","jetpack_sharing_enabled":true,"_links":{"self":[{"href":"https:\/\/eldiariodesanpedro.com.ar\/sitio\/wp-json\/wp\/v2\/posts\/67664","targetHints":{"allow":["GET"]}}],"collection":[{"href":"https:\/\/eldiariodesanpedro.com.ar\/sitio\/wp-json\/wp\/v2\/posts"}],"about":[{"href":"https:\/\/eldiariodesanpedro.com.ar\/sitio\/wp-json\/wp\/v2\/types\/post"}],"author":[{"embeddable":true,"href":"https:\/\/eldiariodesanpedro.com.ar\/sitio\/wp-json\/wp\/v2\/users\/4"}],"replies":[{"embeddable":true,"href":"https:\/\/eldiariodesanpedro.com.ar\/sitio\/wp-json\/wp\/v2\/comments?post=67664"}],"version-history":[{"count":1,"href":"https:\/\/eldiariodesanpedro.com.ar\/sitio\/wp-json\/wp\/v2\/posts\/67664\/revisions"}],"predecessor-version":[{"id":67666,"href":"https:\/\/eldiariodesanpedro.com.ar\/sitio\/wp-json\/wp\/v2\/posts\/67664\/revisions\/67666"}],"wp:featuredmedia":[{"embeddable":true,"href":"https:\/\/eldiariodesanpedro.com.ar\/sitio\/wp-json\/wp\/v2\/media\/67665"}],"wp:attachment":[{"href":"https:\/\/eldiariodesanpedro.com.ar\/sitio\/wp-json\/wp\/v2\/media?parent=67664"}],"wp:term":[{"taxonomy":"category","embeddable":true,"href":"https:\/\/eldiariodesanpedro.com.ar\/sitio\/wp-json\/wp\/v2\/categories?post=67664"},{"taxonomy":"post_tag","embeddable":true,"href":"https:\/\/eldiariodesanpedro.com.ar\/sitio\/wp-json\/wp\/v2\/tags?post=67664"}],"curies":[{"name":"wp","href":"https:\/\/api.w.org\/{rel}","templated":true}]}}