{"id":6766,"date":"2016-08-04T19:05:00","date_gmt":"2016-08-04T22:05:00","guid":{"rendered":"https:\/\/eldiariodesanpedro.com.ar\/sitio\/?p=6766"},"modified":"2016-08-04T20:00:26","modified_gmt":"2016-08-04T23:00:26","slug":"agenda-de-trabajo-salazar-se-reunio-con-el-director-ejecutivo-de-pami","status":"publish","type":"post","link":"https:\/\/eldiariodesanpedro.com.ar\/sitio\/agenda-de-trabajo-salazar-se-reunio-con-el-director-ejecutivo-de-pami\/","title":{"rendered":"Agenda de trabajo: Salazar se reuni\u00f3 con el director ejecutivo de PAMI"},"content":{"rendered":"<p><!-- VideographyWP Plugin Message: Automatic video embedding prevented by plugin options. --><br \/>\nEl director ejecutivo de PAMI, Carlos Regazzoni, mantuvo una reuni\u00f3n con intendentes de la provincia de Buenos Aires, en la que se avanz\u00f3 en una agenda de trabajo conjunta para coordinar esfuerzos en materia de asistencia social y de salud a jubilados de distintas regiones del distrito. All\u00ed estuvo presente el intendente Salazar, con el objetivo de consensuar la agenda dispuesta por el organismo nacional.<br \/>\nAdem\u00e1s de Salazar, al encuentro asistieron los intendentes de Vicente L\u00f3pez (Jorge Macri), de Quilmes (Martiniano Molina), de Jun\u00edn (Pablo Petrecca), de Ayacucho (Pablo Zubiaurre), de Bah\u00eda Blanca (H\u00e9ctor Gay), de Olavarr\u00eda (Ezequiel Galli) y de La Plata (Julio Garro).<br \/>\nEn la reuni\u00f3n, se habl\u00f3 adem\u00e1s sobre la posibilidad de avanzar en convenios de asistencia territorial, sobre la situaci\u00f3n de los efectores municipales que prestan servicios a afiliados del PAMI y sobre la coordinaci\u00f3n de acciones sociales regulares y en casos de emergencias. <\/p>\n","protected":false},"excerpt":{"rendered":"<p>El director ejecutivo de PAMI, Carlos Regazzoni, mantuvo una reuni\u00f3n con intendentes de la provincia de Buenos Aires, en la que se avanz\u00f3 en una agenda de trabajo conjunta para coordinar esfuerzos en materia de asistencia social y de salud a jubilados de distintas regiones del distrito. All\u00ed estuvo presente el intendente Salazar, con el [&hellip;]<\/p>\n","protected":false},"author":4,"featured_media":6782,"comment_status":"open","ping_status":"closed","sticky":false,"template":"","format":"standard","meta":{"om_disable_all_campaigns":false,"_jetpack_memberships_contains_paid_content":false,"footnotes":""},"categories":[50,2,102],"tags":[],"class_list":["post-6766","post","type-post","status-publish","format-standard","has-post-thumbnail","hentry","category-destacadas","category-locales","category-politica-locales"],"aioseo_notices":[],"gutentor_comment":0,"jetpack_featured_media_url":"https:\/\/eldiariodesanpedro.com.ar\/sitio\/wp-content\/uploads\/2016\/08\/PAGINA-4-02-1.jpg","jetpack_shortlink":"https:\/\/wp.me\/p6RhLt-1L8","jetpack_sharing_enabled":true,"_links":{"self":[{"href":"https:\/\/eldiariodesanpedro.com.ar\/sitio\/wp-json\/wp\/v2\/posts\/6766","targetHints":{"allow":["GET"]}}],"collection":[{"href":"https:\/\/eldiariodesanpedro.com.ar\/sitio\/wp-json\/wp\/v2\/posts"}],"about":[{"href":"https:\/\/eldiariodesanpedro.com.ar\/sitio\/wp-json\/wp\/v2\/types\/post"}],"author":[{"embeddable":true,"href":"https:\/\/eldiariodesanpedro.com.ar\/sitio\/wp-json\/wp\/v2\/users\/4"}],"replies":[{"embeddable":true,"href":"https:\/\/eldiariodesanpedro.com.ar\/sitio\/wp-json\/wp\/v2\/comments?post=6766"}],"version-history":[{"count":1,"href":"https:\/\/eldiariodesanpedro.com.ar\/sitio\/wp-json\/wp\/v2\/posts\/6766\/revisions"}],"predecessor-version":[{"id":6768,"href":"https:\/\/eldiariodesanpedro.com.ar\/sitio\/wp-json\/wp\/v2\/posts\/6766\/revisions\/6768"}],"wp:featuredmedia":[{"embeddable":true,"href":"https:\/\/eldiariodesanpedro.com.ar\/sitio\/wp-json\/wp\/v2\/media\/6782"}],"wp:attachment":[{"href":"https:\/\/eldiariodesanpedro.com.ar\/sitio\/wp-json\/wp\/v2\/media?parent=6766"}],"wp:term":[{"taxonomy":"category","embeddable":true,"href":"https:\/\/eldiariodesanpedro.com.ar\/sitio\/wp-json\/wp\/v2\/categories?post=6766"},{"taxonomy":"post_tag","embeddable":true,"href":"https:\/\/eldiariodesanpedro.com.ar\/sitio\/wp-json\/wp\/v2\/tags?post=6766"}],"curies":[{"name":"wp","href":"https:\/\/api.w.org\/{rel}","templated":true}]}}