{"id":67658,"date":"2020-01-27T10:48:28","date_gmt":"2020-01-27T13:48:28","guid":{"rendered":"https:\/\/eldiariodesanpedro.com.ar\/sitio\/?p=67658"},"modified":"2020-01-27T10:48:33","modified_gmt":"2020-01-27T13:48:33","slug":"conciencia-ecologica-recolectaron-casi-20-mil-colillas-de-cigarrillos-en-unas-horas","status":"publish","type":"post","link":"https:\/\/eldiariodesanpedro.com.ar\/sitio\/conciencia-ecologica-recolectaron-casi-20-mil-colillas-de-cigarrillos-en-unas-horas\/","title":{"rendered":"Conciencia Ecol\u00f3gica: Recolectaron casi 20 mil colillas de cigarrillos en unas horas"},"content":{"rendered":"<!-- VideographyWP Plugin Message: Automatic video embedding prevented by plugin options. -->\n\n<p>Desde Conciencia Ecologica realizaron esta campa\u00f1a para generar conciencia y cambiar el h\u00e1bito de los fumadores.<\/p>\n\n\n\n<p>En conjunto con Reciclemos, Club Pescadores y la Comunidad Terapeutica Los Naranjos  llevaron a cabo este s\u00e1bado una campa\u00f1a en la que se recolectaron 18 mil colillas de cigarrillos. <\/p>\n\n\n\n<figure class=\"wp-block-image size-large\"><img decoding=\"async\" width=\"911\" height=\"805\" data-attachment-id=\"67659\" data-permalink=\"https:\/\/eldiariodesanpedro.com.ar\/sitio\/conciencia-ecologica-recolectaron-casi-20-mil-colillas-de-cigarrillos-en-unas-horas\/83341431_1277825805741350_4843318827380899840_n\/\" data-orig-file=\"https:\/\/eldiariodesanpedro.com.ar\/sitio\/wp-content\/uploads\/2020\/01\/83341431_1277825805741350_4843318827380899840_n.jpg\" data-orig-size=\"911,805\" data-comments-opened=\"1\" data-image-meta=\"{&quot;aperture&quot;:&quot;0&quot;,&quot;credit&quot;:&quot;&quot;,&quot;camera&quot;:&quot;&quot;,&quot;caption&quot;:&quot;&quot;,&quot;created_timestamp&quot;:&quot;0&quot;,&quot;copyright&quot;:&quot;&quot;,&quot;focal_length&quot;:&quot;0&quot;,&quot;iso&quot;:&quot;0&quot;,&quot;shutter_speed&quot;:&quot;0&quot;,&quot;title&quot;:&quot;&quot;,&quot;orientation&quot;:&quot;0&quot;}\" data-image-title=\"83341431_1277825805741350_4843318827380899840_n\" data-image-description=\"\" data-image-caption=\"\" data-large-file=\"https:\/\/eldiariodesanpedro.com.ar\/sitio\/wp-content\/uploads\/2020\/01\/83341431_1277825805741350_4843318827380899840_n.jpg\" data-src=\"https:\/\/eldiariodesanpedro.com.ar\/sitio\/wp-content\/uploads\/2020\/01\/83341431_1277825805741350_4843318827380899840_n.jpg\" alt=\"\" class=\"wp-image-67659 lazyload\" data-srcset=\"https:\/\/eldiariodesanpedro.com.ar\/sitio\/wp-content\/uploads\/2020\/01\/83341431_1277825805741350_4843318827380899840_n.jpg 911w, https:\/\/eldiariodesanpedro.com.ar\/sitio\/wp-content\/uploads\/2020\/01\/83341431_1277825805741350_4843318827380899840_n-300x265.jpg 300w, https:\/\/eldiariodesanpedro.com.ar\/sitio\/wp-content\/uploads\/2020\/01\/83341431_1277825805741350_4843318827380899840_n-768x679.jpg 768w\" data-sizes=\"(max-width: 911px) 100vw, 911px\" src=\"data:image\/svg+xml;base64,PHN2ZyB3aWR0aD0iMSIgaGVpZ2h0PSIxIiB4bWxucz0iaHR0cDovL3d3dy53My5vcmcvMjAwMC9zdmciPjwvc3ZnPg==\" style=\"--smush-placeholder-width: 911px; --smush-placeholder-aspect-ratio: 911\/805;\" \/><\/figure>\n\n\n\n<p>Este deshecho es una de las basuras m\u00e1s contaminantes del mundo, ya que\u00a0<strong>una sola colilla es capaz de contaminar hasta 50 litros de agua<\/strong>. A su vez, sus lixiviados (l\u00edquidos resultantes del contacto con el agua) contienen m\u00e1s de 7.000 elementos t\u00f3xicos letales que se liberan r\u00e1pidamente.<\/p>\n\n\n\n<p>Ante esta realidad, y en el contexto de la emergencia clim\u00e1tica, se realiz\u00f3 esta acci\u00f3n concreta que<strong>\u00a0busca visibilizar el problema, generar conciencia y cambiar el h\u00e1bito de los fumadores que arrojan las colillas a la v\u00eda p\u00fablica<\/strong>\u00a0en lugar de depositarlas en los basureros.<\/p>\n\n\n\n<p> <strong>Estas colillas van a ser recicladas y transformadas en ladrillos ecol\u00f3gicos<\/strong>. <\/p>\n","protected":false},"excerpt":{"rendered":"<p>Desde Conciencia Ecologica realizaron esta campa\u00f1a para generar conciencia y cambiar el h\u00e1bito de los fumadores. En conjunto con Reciclemos, Club Pescadores y la Comunidad Terapeutica Los Naranjos llevaron a cabo este s\u00e1bado una campa\u00f1a en la que se recolectaron 18 mil colillas de cigarrillos. Este deshecho es una de las basuras m\u00e1s contaminantes del [&hellip;]<\/p>\n","protected":false},"author":4,"featured_media":67684,"comment_status":"open","ping_status":"closed","sticky":false,"template":"","format":"standard","meta":{"om_disable_all_campaigns":false,"_jetpack_memberships_contains_paid_content":false,"footnotes":""},"categories":[101,2],"tags":[],"class_list":["post-67658","post","type-post","status-publish","format-standard","has-post-thumbnail","hentry","category-interes-general-locales","category-locales"],"aioseo_notices":[],"gutentor_comment":0,"jetpack_featured_media_url":"https:\/\/eldiariodesanpedro.com.ar\/sitio\/wp-content\/uploads\/2020\/01\/58342e467ef81_645x430.jpg","jetpack_shortlink":"https:\/\/wp.me\/p6RhLt-hBg","jetpack_sharing_enabled":true,"_links":{"self":[{"href":"https:\/\/eldiariodesanpedro.com.ar\/sitio\/wp-json\/wp\/v2\/posts\/67658","targetHints":{"allow":["GET"]}}],"collection":[{"href":"https:\/\/eldiariodesanpedro.com.ar\/sitio\/wp-json\/wp\/v2\/posts"}],"about":[{"href":"https:\/\/eldiariodesanpedro.com.ar\/sitio\/wp-json\/wp\/v2\/types\/post"}],"author":[{"embeddable":true,"href":"https:\/\/eldiariodesanpedro.com.ar\/sitio\/wp-json\/wp\/v2\/users\/4"}],"replies":[{"embeddable":true,"href":"https:\/\/eldiariodesanpedro.com.ar\/sitio\/wp-json\/wp\/v2\/comments?post=67658"}],"version-history":[{"count":2,"href":"https:\/\/eldiariodesanpedro.com.ar\/sitio\/wp-json\/wp\/v2\/posts\/67658\/revisions"}],"predecessor-version":[{"id":67685,"href":"https:\/\/eldiariodesanpedro.com.ar\/sitio\/wp-json\/wp\/v2\/posts\/67658\/revisions\/67685"}],"wp:featuredmedia":[{"embeddable":true,"href":"https:\/\/eldiariodesanpedro.com.ar\/sitio\/wp-json\/wp\/v2\/media\/67684"}],"wp:attachment":[{"href":"https:\/\/eldiariodesanpedro.com.ar\/sitio\/wp-json\/wp\/v2\/media?parent=67658"}],"wp:term":[{"taxonomy":"category","embeddable":true,"href":"https:\/\/eldiariodesanpedro.com.ar\/sitio\/wp-json\/wp\/v2\/categories?post=67658"},{"taxonomy":"post_tag","embeddable":true,"href":"https:\/\/eldiariodesanpedro.com.ar\/sitio\/wp-json\/wp\/v2\/tags?post=67658"}],"curies":[{"name":"wp","href":"https:\/\/api.w.org\/{rel}","templated":true}]}}