{"id":67655,"date":"2020-01-27T10:15:52","date_gmt":"2020-01-27T13:15:52","guid":{"rendered":"https:\/\/eldiariodesanpedro.com.ar\/sitio\/?p=67655"},"modified":"2020-01-27T10:16:03","modified_gmt":"2020-01-27T13:16:03","slug":"baradero-me-golpeaba-en-la-cabeza-y-me-decia-que-me-iba-a-matar","status":"publish","type":"post","link":"https:\/\/eldiariodesanpedro.com.ar\/sitio\/baradero-me-golpeaba-en-la-cabeza-y-me-decia-que-me-iba-a-matar\/","title":{"rendered":"BARADERO | \u201cMe golpeaba en la cabeza y me dec\u00eda que me iba a matar\u201d"},"content":{"rendered":"<!-- VideographyWP Plugin Message: Automatic video embedding prevented by plugin options. -->\n\n<p>El fuerte testimonio lo cont\u00f3 Brisa, una adolescente de 18 a\u00f1os quien anoche fue victima de un robo. En Facundo Quiroga y Del Corro un delincuente la abord\u00f3 para robarle el celular. La golpe\u00f3 y la cort\u00f3 en su mano con un cuchillo.<\/p>\n\n\n\n<p>Brisa fue v\u00edctima de un robo anoche a una cuadra de su casa. Un delincuente la atac\u00f3 a golpes utilizando una piedra. La golpe\u00f3 en la cabeza. Pero adem\u00e1s la cort\u00f3 con un cuchillo en su mano. Todo para robarle el celular.&nbsp;<\/p>\n\n\n\n<p>\u201cTengo las piernas y las rodillas lastimadas. Gritaba con mi alma porque te juro pens\u00e9 que me mataba\u201d, relat\u00f3 la joven en exclusiva con Tu Radio.&nbsp;<\/p>\n\n\n\n<p>La joven de 18 a\u00f1os cont\u00f3 a Tu Radio que caminaba a su casa cuando de atr\u00e1s de un \u00e1rbol el sujeto la abord\u00f3. Ten\u00eda el rostro tapado con una remera y el torso al descubierto. \u201cSu voz me qued\u00f3 grabada as\u00ed que lo reconocer\u00eda\u201d, expres\u00f3 la victima.<\/p>\n\n\n\n<p>\u201cMe golpeaba la cabeza y me dec\u00eda que me iba a matar\u201d, relat\u00f3.&nbsp;<\/p>\n\n\n\n<p>Est\u00e1n rastreando el celular para encontrar al autor del hecho.\u00a0 En la huida la joven pudo conservar el cuchillo con el que el delincuente la atac\u00f3.<\/p>\n\n\n\n<p>Fuente: Tu Linea Directa<\/p>\n","protected":false},"excerpt":{"rendered":"<p>El fuerte testimonio lo cont\u00f3 Brisa, una adolescente de 18 a\u00f1os quien anoche fue victima de un robo. En Facundo Quiroga y Del Corro un delincuente la abord\u00f3 para robarle el celular. La golpe\u00f3 y la cort\u00f3 en su mano con un cuchillo. Brisa fue v\u00edctima de un robo anoche a una cuadra de su [&hellip;]<\/p>\n","protected":false},"author":4,"featured_media":67662,"comment_status":"open","ping_status":"closed","sticky":false,"template":"","format":"standard","meta":{"om_disable_all_campaigns":false,"_jetpack_memberships_contains_paid_content":false,"footnotes":""},"categories":[621],"tags":[],"class_list":["post-67655","post","type-post","status-publish","format-standard","has-post-thumbnail","hentry","category-regionales"],"aioseo_notices":[],"gutentor_comment":0,"jetpack_featured_media_url":"https:\/\/eldiariodesanpedro.com.ar\/sitio\/wp-content\/uploads\/2020\/01\/cuchillo-rotated.jpg","jetpack_shortlink":"https:\/\/wp.me\/p6RhLt-hBd","jetpack_sharing_enabled":true,"_links":{"self":[{"href":"https:\/\/eldiariodesanpedro.com.ar\/sitio\/wp-json\/wp\/v2\/posts\/67655","targetHints":{"allow":["GET"]}}],"collection":[{"href":"https:\/\/eldiariodesanpedro.com.ar\/sitio\/wp-json\/wp\/v2\/posts"}],"about":[{"href":"https:\/\/eldiariodesanpedro.com.ar\/sitio\/wp-json\/wp\/v2\/types\/post"}],"author":[{"embeddable":true,"href":"https:\/\/eldiariodesanpedro.com.ar\/sitio\/wp-json\/wp\/v2\/users\/4"}],"replies":[{"embeddable":true,"href":"https:\/\/eldiariodesanpedro.com.ar\/sitio\/wp-json\/wp\/v2\/comments?post=67655"}],"version-history":[{"count":1,"href":"https:\/\/eldiariodesanpedro.com.ar\/sitio\/wp-json\/wp\/v2\/posts\/67655\/revisions"}],"predecessor-version":[{"id":67663,"href":"https:\/\/eldiariodesanpedro.com.ar\/sitio\/wp-json\/wp\/v2\/posts\/67655\/revisions\/67663"}],"wp:featuredmedia":[{"embeddable":true,"href":"https:\/\/eldiariodesanpedro.com.ar\/sitio\/wp-json\/wp\/v2\/media\/67662"}],"wp:attachment":[{"href":"https:\/\/eldiariodesanpedro.com.ar\/sitio\/wp-json\/wp\/v2\/media?parent=67655"}],"wp:term":[{"taxonomy":"category","embeddable":true,"href":"https:\/\/eldiariodesanpedro.com.ar\/sitio\/wp-json\/wp\/v2\/categories?post=67655"},{"taxonomy":"post_tag","embeddable":true,"href":"https:\/\/eldiariodesanpedro.com.ar\/sitio\/wp-json\/wp\/v2\/tags?post=67655"}],"curies":[{"name":"wp","href":"https:\/\/api.w.org\/{rel}","templated":true}]}}