{"id":67653,"date":"2020-01-27T10:15:01","date_gmt":"2020-01-27T13:15:01","guid":{"rendered":"https:\/\/eldiariodesanpedro.com.ar\/sitio\/?p=67653"},"modified":"2020-01-27T10:52:32","modified_gmt":"2020-01-27T13:52:32","slug":"la-biblioteca-popular-se-sumo-a-la-peatonal-con-el-show-de-avant-garde","status":"publish","type":"post","link":"https:\/\/eldiariodesanpedro.com.ar\/sitio\/la-biblioteca-popular-se-sumo-a-la-peatonal-con-el-show-de-avant-garde\/","title":{"rendered":"La Biblioteca Popular se sumo a la Peatonal con el show de Avant Garde"},"content":{"rendered":"<!-- VideographyWP Plugin Message: Automatic video embedding prevented by plugin options. -->\n\n<p>Una nueva actividad se suma a la noche m\u00e1s popular sampedrina. Este s\u00e1bado hubo puestos de libros y se present\u00f3 con un show espectacular la banda&nbsp; Avant Garde.&nbsp;&nbsp;<br><\/p>\n\n\n\n<p>La Biblioteca Popular Rafael Obligado abri\u00f3 sus puertas este s\u00e1bado a partir de las 21.00 horas , con una nueva edici\u00f3n de la Feria del Libro Repetido donde adem\u00e1s se sum\u00f3 la campa\u00f1a de socios&nbsp; con material a bajo costo, para todos los gustos.&nbsp;<br><\/p>\n\n\n\n<p>La banda Avant Garde comenz\u00f3 su show a las 23 horas ante un gran marco de p\u00fablico presente. El show fue brindado a beneficio de la misma, recibi\u00e9ndose donaciones de libros y realiz\u00e1ndose adem\u00e1s una colecta\u00a0voluntaria\u00a0de dinero que tambi\u00e9n fue donado a la instituci\u00f3n.<\/p>\n\n\n\n<p>Avantgarde es una agrupaci\u00f3n Sampedrina que re\u00fane m\u00fasicos oriundos de la ciudad convocados por Ariel Arbat (bater\u00eda), con Tito Gelabert en guitarra el\u00e9ctrica, Marcelino Frete en guitarra el\u00e9ctrica\/ac\u00fastica, Adrian Seimandi en bajo, Naiara Valera en viol\u00edn, y Daiana Delgado y Sara Ortega en voces.<\/p>\n\n\n\n<p>El grupo, que est\u00e1 cerca de cumplir su primer aniversario, reversiona en su repertorio temas de artistas tanto internacionales como locales, en una amplia gama de estilos como el rock, el soul y el rythm &amp; blues, contando ya con numerosas presentaciones en lugares ic\u00f3nicos de la ciudad tales como Viento Sur, Menisale, Club N\u00e1utico, habiendo sido adem\u00e1s convocada para conformar la grilla de artistas presentes en la fiesta \u201c30D\u201d&nbsp;del club N\u00e1utico.<\/p>\n\n\n\n<p>Actualmente, se encuentra encarando el \u201cCiclo de Shows Verano 2020\u201d, una iniciativa propia que propone cuatro exhibiciones gratuitas y al aire libre en paisajes de la ciudad durante los meses de Enero y Febrero.<\/p>\n\n\n\n<p>A partir de Marzo la banda volver\u00e1 a las salas de ensayo para trabajar en el armado de temas propios, y tambi\u00e9n en la renovaci\u00f3n de su repertorio incorporando nuevas versiones de canciones a partir de su caracter\u00edstico estilo musical.<\/p>\n\n\n\n<p><br><\/p>\n\n\n\n<figure class=\"wp-block-image size-large\"><img decoding=\"async\" width=\"576\" height=\"1024\" data-attachment-id=\"67656\" data-permalink=\"https:\/\/eldiariodesanpedro.com.ar\/sitio\/la-biblioteca-popular-se-sumo-a-la-peatonal-con-el-show-de-avant-garde\/whatsapp-image-2020-01-27-at-9-36-34-am-1\/\" data-orig-file=\"https:\/\/eldiariodesanpedro.com.ar\/sitio\/wp-content\/uploads\/2020\/01\/WhatsApp-Image-2020-01-27-at-9.36.34-AM-1.jpeg\" data-orig-size=\"720,1280\" data-comments-opened=\"1\" data-image-meta=\"{&quot;aperture&quot;:&quot;0&quot;,&quot;credit&quot;:&quot;&quot;,&quot;camera&quot;:&quot;&quot;,&quot;caption&quot;:&quot;&quot;,&quot;created_timestamp&quot;:&quot;0&quot;,&quot;copyright&quot;:&quot;&quot;,&quot;focal_length&quot;:&quot;0&quot;,&quot;iso&quot;:&quot;0&quot;,&quot;shutter_speed&quot;:&quot;0&quot;,&quot;title&quot;:&quot;&quot;,&quot;orientation&quot;:&quot;0&quot;}\" data-image-title=\"WhatsApp Image 2020-01-27 at 9.36.34 AM (1)\" data-image-description=\"\" data-image-caption=\"\" data-large-file=\"https:\/\/eldiariodesanpedro.com.ar\/sitio\/wp-content\/uploads\/2020\/01\/WhatsApp-Image-2020-01-27-at-9.36.34-AM-1-576x1024.jpeg\" data-src=\"https:\/\/eldiariodesanpedro.com.ar\/sitio\/wp-content\/uploads\/2020\/01\/WhatsApp-Image-2020-01-27-at-9.36.34-AM-1-576x1024.jpeg\" alt=\"\" class=\"wp-image-67656 lazyload\" data-srcset=\"https:\/\/eldiariodesanpedro.com.ar\/sitio\/wp-content\/uploads\/2020\/01\/WhatsApp-Image-2020-01-27-at-9.36.34-AM-1-576x1024.jpeg 576w, https:\/\/eldiariodesanpedro.com.ar\/sitio\/wp-content\/uploads\/2020\/01\/WhatsApp-Image-2020-01-27-at-9.36.34-AM-1-169x300.jpeg 169w, https:\/\/eldiariodesanpedro.com.ar\/sitio\/wp-content\/uploads\/2020\/01\/WhatsApp-Image-2020-01-27-at-9.36.34-AM-1.jpeg 720w\" data-sizes=\"(max-width: 576px) 100vw, 576px\" src=\"data:image\/svg+xml;base64,PHN2ZyB3aWR0aD0iMSIgaGVpZ2h0PSIxIiB4bWxucz0iaHR0cDovL3d3dy53My5vcmcvMjAwMC9zdmciPjwvc3ZnPg==\" style=\"--smush-placeholder-width: 576px; --smush-placeholder-aspect-ratio: 576\/1024;\" \/><\/figure>\n","protected":false},"excerpt":{"rendered":"<p>Una nueva actividad se suma a la noche m\u00e1s popular sampedrina. Este s\u00e1bado hubo puestos de libros y se present\u00f3 con un show espectacular la banda&nbsp; Avant Garde.&nbsp;&nbsp; La Biblioteca Popular Rafael Obligado abri\u00f3 sus puertas este s\u00e1bado a partir de las 21.00 horas , con una nueva edici\u00f3n de la Feria del Libro Repetido [&hellip;]<\/p>\n","protected":false},"author":4,"featured_media":67654,"comment_status":"open","ping_status":"closed","sticky":false,"template":"","format":"standard","meta":{"om_disable_all_campaigns":false,"_jetpack_memberships_contains_paid_content":false,"footnotes":""},"categories":[50,101,2],"tags":[],"class_list":["post-67653","post","type-post","status-publish","format-standard","has-post-thumbnail","hentry","category-destacadas","category-interes-general-locales","category-locales"],"aioseo_notices":[],"gutentor_comment":1,"jetpack_featured_media_url":"https:\/\/eldiariodesanpedro.com.ar\/sitio\/wp-content\/uploads\/2020\/01\/WhatsApp-Image-2020-01-27-at-9.36.34-AM.jpeg","jetpack_shortlink":"https:\/\/wp.me\/p6RhLt-hBb","jetpack_sharing_enabled":true,"_links":{"self":[{"href":"https:\/\/eldiariodesanpedro.com.ar\/sitio\/wp-json\/wp\/v2\/posts\/67653","targetHints":{"allow":["GET"]}}],"collection":[{"href":"https:\/\/eldiariodesanpedro.com.ar\/sitio\/wp-json\/wp\/v2\/posts"}],"about":[{"href":"https:\/\/eldiariodesanpedro.com.ar\/sitio\/wp-json\/wp\/v2\/types\/post"}],"author":[{"embeddable":true,"href":"https:\/\/eldiariodesanpedro.com.ar\/sitio\/wp-json\/wp\/v2\/users\/4"}],"replies":[{"embeddable":true,"href":"https:\/\/eldiariodesanpedro.com.ar\/sitio\/wp-json\/wp\/v2\/comments?post=67653"}],"version-history":[{"count":3,"href":"https:\/\/eldiariodesanpedro.com.ar\/sitio\/wp-json\/wp\/v2\/posts\/67653\/revisions"}],"predecessor-version":[{"id":67687,"href":"https:\/\/eldiariodesanpedro.com.ar\/sitio\/wp-json\/wp\/v2\/posts\/67653\/revisions\/67687"}],"wp:featuredmedia":[{"embeddable":true,"href":"https:\/\/eldiariodesanpedro.com.ar\/sitio\/wp-json\/wp\/v2\/media\/67654"}],"wp:attachment":[{"href":"https:\/\/eldiariodesanpedro.com.ar\/sitio\/wp-json\/wp\/v2\/media?parent=67653"}],"wp:term":[{"taxonomy":"category","embeddable":true,"href":"https:\/\/eldiariodesanpedro.com.ar\/sitio\/wp-json\/wp\/v2\/categories?post=67653"},{"taxonomy":"post_tag","embeddable":true,"href":"https:\/\/eldiariodesanpedro.com.ar\/sitio\/wp-json\/wp\/v2\/tags?post=67653"}],"curies":[{"name":"wp","href":"https:\/\/api.w.org\/{rel}","templated":true}]}}