{"id":67645,"date":"2020-01-27T09:25:59","date_gmt":"2020-01-27T12:25:59","guid":{"rendered":"https:\/\/eldiariodesanpedro.com.ar\/sitio\/?p=67645"},"modified":"2020-01-27T09:31:16","modified_gmt":"2020-01-27T12:31:16","slug":"peatonal-2020-exito-total-en-su-cuarta-noche","status":"publish","type":"post","link":"https:\/\/eldiariodesanpedro.com.ar\/sitio\/peatonal-2020-exito-total-en-su-cuarta-noche\/","title":{"rendered":"Peatonal 2020: \u00c9xito total en  su cuarta noche"},"content":{"rendered":"<!-- VideographyWP Plugin Message: Automatic video embedding prevented by plugin options. -->\n\n<p>Turistas y sampedrinos en uno de los eventos mas lindos de nuestra ciudad. La calle Mitre colmada de gente disfrutando  espect\u00e1culos circenses, danza, m\u00fasica en vivo y toda la actividad gastronomica.<\/p>\n\n\n\n<p>Cuarto fin de semana de Verano Peatonal 2020 y cada vez crece mas esta iniciativa de la Municipalidad de San Pedro a trav\u00e9s de las Direcciones de Turismo y Cultura, y la participaci\u00f3n de la C\u00e1mara de Turismo del Centro de Comercio. <\/p>\n\n\n\n<p>Este \u00faltimo s\u00e1bado, se concret\u00f3 otra noche con un gran clima que favoreci\u00f3 la afluencia de miles de sampedrinos y turistas recorriendo, y cenando en algunos de los comercios gastron\u00f3micos que habitualmente trabajan en el lugar, m\u00e1s los food tracks que tambi\u00e9n se instalan sobre la Peatonal. <\/p>\n\n\n\n<p>Adem\u00e1s hubo espect\u00e1culos circenses, danza y mucha m\u00fasica en vivo. En el escenario se presentaron  Pichuco Gomez, Profesores y Alumnos\u00a0 de Comercial de Castro y San Pedro, Mala Madre Circo, Fitness Gym, Elvio Pereyra y el Sal\u00f3n de Angelina de Sol Altolaguirre. <\/p>\n\n\n\n<p>Dub\u00e1i participo del evento donde formo parte el artista sampedrino Claudio Martin y Jonathan Piatti.<\/p>\n\n\n\n<figure class=\"wp-block-image size-large\"><img decoding=\"async\" width=\"1280\" height=\"631\" data-attachment-id=\"67651\" data-permalink=\"https:\/\/eldiariodesanpedro.com.ar\/sitio\/peatonal-2020-exito-total-en-su-cuarta-noche\/whatsapp-image-2020-01-27-at-9-27-53-am\/\" data-orig-file=\"https:\/\/eldiariodesanpedro.com.ar\/sitio\/wp-content\/uploads\/2020\/01\/WhatsApp-Image-2020-01-27-at-9.27.53-AM.jpeg\" data-orig-size=\"1280,631\" data-comments-opened=\"1\" data-image-meta=\"{&quot;aperture&quot;:&quot;0&quot;,&quot;credit&quot;:&quot;&quot;,&quot;camera&quot;:&quot;&quot;,&quot;caption&quot;:&quot;&quot;,&quot;created_timestamp&quot;:&quot;0&quot;,&quot;copyright&quot;:&quot;&quot;,&quot;focal_length&quot;:&quot;0&quot;,&quot;iso&quot;:&quot;0&quot;,&quot;shutter_speed&quot;:&quot;0&quot;,&quot;title&quot;:&quot;&quot;,&quot;orientation&quot;:&quot;0&quot;}\" data-image-title=\"WhatsApp-Image-2020-01-27-at-9.27.53-AM\" data-image-description=\"\" data-image-caption=\"\" data-large-file=\"https:\/\/eldiariodesanpedro.com.ar\/sitio\/wp-content\/uploads\/2020\/01\/WhatsApp-Image-2020-01-27-at-9.27.53-AM-1024x505.jpeg\" data-src=\"https:\/\/i1.wp.com\/eldiariodesanpedro.com.ar\/sitio\/wp-content\/uploads\/2020\/01\/WhatsApp-Image-2020-01-27-at-9.27.53-AM.jpeg?fit=640%2C316\" alt=\"\" class=\"wp-image-67651 lazyload\" data-srcset=\"https:\/\/eldiariodesanpedro.com.ar\/sitio\/wp-content\/uploads\/2020\/01\/WhatsApp-Image-2020-01-27-at-9.27.53-AM.jpeg 1280w, https:\/\/eldiariodesanpedro.com.ar\/sitio\/wp-content\/uploads\/2020\/01\/WhatsApp-Image-2020-01-27-at-9.27.53-AM-300x148.jpeg 300w, https:\/\/eldiariodesanpedro.com.ar\/sitio\/wp-content\/uploads\/2020\/01\/WhatsApp-Image-2020-01-27-at-9.27.53-AM-1024x505.jpeg 1024w, https:\/\/eldiariodesanpedro.com.ar\/sitio\/wp-content\/uploads\/2020\/01\/WhatsApp-Image-2020-01-27-at-9.27.53-AM-768x379.jpeg 768w\" data-sizes=\"(max-width: 1280px) 100vw, 1280px\" src=\"data:image\/svg+xml;base64,PHN2ZyB3aWR0aD0iMSIgaGVpZ2h0PSIxIiB4bWxucz0iaHR0cDovL3d3dy53My5vcmcvMjAwMC9zdmciPjwvc3ZnPg==\" style=\"--smush-placeholder-width: 1280px; --smush-placeholder-aspect-ratio: 1280\/631;\" \/><\/figure>\n","protected":false},"excerpt":{"rendered":"<p>Turistas y sampedrinos en uno de los eventos mas lindos de nuestra ciudad. La calle Mitre colmada de gente disfrutando espect\u00e1culos circenses, danza, m\u00fasica en vivo y toda la actividad gastronomica. Cuarto fin de semana de Verano Peatonal 2020 y cada vez crece mas esta iniciativa de la Municipalidad de San Pedro a trav\u00e9s de [&hellip;]<\/p>\n","protected":false},"author":4,"featured_media":67646,"comment_status":"open","ping_status":"closed","sticky":false,"template":"","format":"standard","meta":{"om_disable_all_campaigns":false,"_jetpack_memberships_contains_paid_content":false,"footnotes":""},"categories":[50,101,2],"tags":[],"class_list":["post-67645","post","type-post","status-publish","format-standard","has-post-thumbnail","hentry","category-destacadas","category-interes-general-locales","category-locales"],"aioseo_notices":[],"gutentor_comment":0,"jetpack_featured_media_url":"https:\/\/eldiariodesanpedro.com.ar\/sitio\/wp-content\/uploads\/2020\/01\/83412226_2729744473786877_5693151623849705472_o.jpg","jetpack_shortlink":"https:\/\/wp.me\/p6RhLt-hB3","jetpack_sharing_enabled":true,"_links":{"self":[{"href":"https:\/\/eldiariodesanpedro.com.ar\/sitio\/wp-json\/wp\/v2\/posts\/67645","targetHints":{"allow":["GET"]}}],"collection":[{"href":"https:\/\/eldiariodesanpedro.com.ar\/sitio\/wp-json\/wp\/v2\/posts"}],"about":[{"href":"https:\/\/eldiariodesanpedro.com.ar\/sitio\/wp-json\/wp\/v2\/types\/post"}],"author":[{"embeddable":true,"href":"https:\/\/eldiariodesanpedro.com.ar\/sitio\/wp-json\/wp\/v2\/users\/4"}],"replies":[{"embeddable":true,"href":"https:\/\/eldiariodesanpedro.com.ar\/sitio\/wp-json\/wp\/v2\/comments?post=67645"}],"version-history":[{"count":2,"href":"https:\/\/eldiariodesanpedro.com.ar\/sitio\/wp-json\/wp\/v2\/posts\/67645\/revisions"}],"predecessor-version":[{"id":67652,"href":"https:\/\/eldiariodesanpedro.com.ar\/sitio\/wp-json\/wp\/v2\/posts\/67645\/revisions\/67652"}],"wp:featuredmedia":[{"embeddable":true,"href":"https:\/\/eldiariodesanpedro.com.ar\/sitio\/wp-json\/wp\/v2\/media\/67646"}],"wp:attachment":[{"href":"https:\/\/eldiariodesanpedro.com.ar\/sitio\/wp-json\/wp\/v2\/media?parent=67645"}],"wp:term":[{"taxonomy":"category","embeddable":true,"href":"https:\/\/eldiariodesanpedro.com.ar\/sitio\/wp-json\/wp\/v2\/categories?post=67645"},{"taxonomy":"post_tag","embeddable":true,"href":"https:\/\/eldiariodesanpedro.com.ar\/sitio\/wp-json\/wp\/v2\/tags?post=67645"}],"curies":[{"name":"wp","href":"https:\/\/api.w.org\/{rel}","templated":true}]}}