{"id":67640,"date":"2020-01-25T13:34:19","date_gmt":"2020-01-25T16:34:19","guid":{"rendered":"https:\/\/eldiariodesanpedro.com.ar\/sitio\/?p=67640"},"modified":"2020-01-25T13:34:24","modified_gmt":"2020-01-25T16:34:24","slug":"salazar-fuerte-acusacion-contra-la-ex-gobernadora-vidal","status":"publish","type":"post","link":"https:\/\/eldiariodesanpedro.com.ar\/sitio\/salazar-fuerte-acusacion-contra-la-ex-gobernadora-vidal\/","title":{"rendered":"Salazar: Fuerte acusaci\u00f3n contra la ex gobernadora Vidal"},"content":{"rendered":"<!-- VideographyWP Plugin Message: Automatic video embedding prevented by plugin options. -->\n\n<p>Intendente macrista acus\u00f3 a Vidal de dejar \u00abclavadas varias obras\u00bb, as\u00ed lo titul\u00f3 un medio santafesino, \u00abSe trata de Cecilio Salazar, intendente de San Pedro\u00bb, confirmaron.<br><\/p>\n\n\n\n<p>Compartimos la nota:<\/p>\n\n\n\n<p><strong>Intendente macrista acus\u00f3 a Vidal de dejar \u00abclavadas varias obras\u00bb<\/strong><\/p>\n\n\n\n<p>El Intendente de San Pedro por\u00a0Juntos por el Cambio, Cecilio Salazar, lanz\u00f3 una fuerte acusaci\u00f3n contra la ex gobernadora de\u00a0Buenos Aires, Mar\u00eda Eugenia Vidal.<\/p>\n\n\n\n<p>En este sentido,&nbsp;<strong>Salazar<\/strong>&nbsp;asegur\u00f3<strong>&nbsp;\u00ablo que dice (Agust\u00edn) Simone es cierto. A m\u00ed me dejaron clavadas varias obras. Y algunas que se hicieron no las pagaron\u00bb.<\/strong><\/p>\n\n\n\n<p>Cabe recordar que&nbsp;<strong>Simone<\/strong>&nbsp;es el ministro de Infraestructura bonaerense y que \u00e9l hab\u00eda dicho que la gesti\u00f3n de&nbsp;<strong>Vidal<\/strong>&nbsp;detuvo obras por un monto cercano a los 4 millones de pesos.<\/p>\n\n\n\n<p>Pero volviendo al intendente, no solo fustig\u00f3 a la ex mandataria provincial, sino que tambi\u00e9n indic\u00f3 que<strong>&nbsp;\u00abel&nbsp;<a href=\"http:\/\/www.derf.com.ar\/gobierno-nacional-a657\">Gobierno Nacional<\/a>&nbsp;que condujo Mauricio Macri dej\u00f3 un jard\u00edn para 350 alumnos por la mitad y Mar\u00eda Eugenia Vidal algunas que ya estaban certificadas no las pag\u00f3\u00bb.<\/strong><\/p>\n\n\n\n<p>Asimismo, se\u00f1al\u00f3 que&nbsp;<strong>\u00ablos \u00faltimos meses del anterior gobierno fue un \u00b4paga Dios\u00b4, donde quedaron obras de pavimentaci\u00f3n certificadas en la localidad de Santa Luc\u00eda y no las abonaron\u201d.<\/strong><\/p>\n\n\n\n<p>En cuanto a las rutas,\u00a0<strong>Salazar<\/strong>\u00a0manifest\u00f3 que a las mismas las afrontaron \u00ab<strong>con dinero del municipio para que se terminaran, cuesti\u00f3n que nos trajo serios problemas en la econom\u00eda local\u00bb\u00a0<\/strong>y agreg\u00f3<strong>\u00a0\u00abtambi\u00e9n quedaron inconclusas 7 viviendas para familias con integrantes que tienes capacidades diferentes\u201d.<\/strong><\/p>\n\n\n\n<p>Fuente: DERF Agencia Federal de Noticias<\/p>\n\n\n\n<p><br><\/p>\n","protected":false},"excerpt":{"rendered":"<p>Intendente macrista acus\u00f3 a Vidal de dejar \u00abclavadas varias obras\u00bb, as\u00ed lo titul\u00f3 un medio santafesino, \u00abSe trata de Cecilio Salazar, intendente de San Pedro\u00bb, confirmaron. Compartimos la nota: Intendente macrista acus\u00f3 a Vidal de dejar \u00abclavadas varias obras\u00bb El Intendente de San Pedro por\u00a0Juntos por el Cambio, Cecilio Salazar, lanz\u00f3 una fuerte acusaci\u00f3n contra [&hellip;]<\/p>\n","protected":false},"author":4,"featured_media":67641,"comment_status":"open","ping_status":"closed","sticky":false,"template":"","format":"standard","meta":{"om_disable_all_campaigns":false,"_jetpack_memberships_contains_paid_content":false,"footnotes":""},"categories":[50,2,102],"tags":[],"class_list":["post-67640","post","type-post","status-publish","format-standard","has-post-thumbnail","hentry","category-destacadas","category-locales","category-politica-locales"],"aioseo_notices":[],"gutentor_comment":1,"jetpack_featured_media_url":"https:\/\/eldiariodesanpedro.com.ar\/sitio\/wp-content\/uploads\/2020\/01\/0006355874.jpg","jetpack_shortlink":"https:\/\/wp.me\/p6RhLt-hAY","jetpack_sharing_enabled":true,"_links":{"self":[{"href":"https:\/\/eldiariodesanpedro.com.ar\/sitio\/wp-json\/wp\/v2\/posts\/67640","targetHints":{"allow":["GET"]}}],"collection":[{"href":"https:\/\/eldiariodesanpedro.com.ar\/sitio\/wp-json\/wp\/v2\/posts"}],"about":[{"href":"https:\/\/eldiariodesanpedro.com.ar\/sitio\/wp-json\/wp\/v2\/types\/post"}],"author":[{"embeddable":true,"href":"https:\/\/eldiariodesanpedro.com.ar\/sitio\/wp-json\/wp\/v2\/users\/4"}],"replies":[{"embeddable":true,"href":"https:\/\/eldiariodesanpedro.com.ar\/sitio\/wp-json\/wp\/v2\/comments?post=67640"}],"version-history":[{"count":1,"href":"https:\/\/eldiariodesanpedro.com.ar\/sitio\/wp-json\/wp\/v2\/posts\/67640\/revisions"}],"predecessor-version":[{"id":67642,"href":"https:\/\/eldiariodesanpedro.com.ar\/sitio\/wp-json\/wp\/v2\/posts\/67640\/revisions\/67642"}],"wp:featuredmedia":[{"embeddable":true,"href":"https:\/\/eldiariodesanpedro.com.ar\/sitio\/wp-json\/wp\/v2\/media\/67641"}],"wp:attachment":[{"href":"https:\/\/eldiariodesanpedro.com.ar\/sitio\/wp-json\/wp\/v2\/media?parent=67640"}],"wp:term":[{"taxonomy":"category","embeddable":true,"href":"https:\/\/eldiariodesanpedro.com.ar\/sitio\/wp-json\/wp\/v2\/categories?post=67640"},{"taxonomy":"post_tag","embeddable":true,"href":"https:\/\/eldiariodesanpedro.com.ar\/sitio\/wp-json\/wp\/v2\/tags?post=67640"}],"curies":[{"name":"wp","href":"https:\/\/api.w.org\/{rel}","templated":true}]}}