{"id":67635,"date":"2020-01-25T13:00:15","date_gmt":"2020-01-25T16:00:15","guid":{"rendered":"https:\/\/eldiariodesanpedro.com.ar\/sitio\/?p=67635"},"modified":"2020-01-25T13:00:20","modified_gmt":"2020-01-25T16:00:20","slug":"silvio-velo-el-capitan-de-los-murcielagos-sus-hazanas-su-gran-sueno-y-el-mensaje-que-busca-transmitir","status":"publish","type":"post","link":"https:\/\/eldiariodesanpedro.com.ar\/sitio\/silvio-velo-el-capitan-de-los-murcielagos-sus-hazanas-su-gran-sueno-y-el-mensaje-que-busca-transmitir\/","title":{"rendered":"Silvio Velo, el capit\u00e1n de Los Murci\u00e9lagos: sus haza\u00f1as, su gran sue\u00f1o y el mensaje que busca transmitir"},"content":{"rendered":"<!-- VideographyWP Plugin Message: Automatic video embedding prevented by plugin options. -->\n\n<p>Escal\u00f3 el Aconcagua, hizo saltos ornamentales y es desde hace casi 30 a\u00f1os el capit\u00e1n de la Selecci\u00f3n Argentina para ciegos.<\/p>\n\n\n\n<p><a href=\"https:\/\/www.clarin.com\/deportes\/silvio-velo-capitan-murcielagos-hazanas-gran-sueno-mensaje-busca-transmitir_0_fpJeWkaC.html?utm_medium=Social&amp;utm_source=Facebook&amp;fbclid=IwAR0NgtRQYaBApkVzqHRHvNmBmvwovN0mTtn2dCxequ2QaCYaLZ5dSqupYvk#\"><\/a><a href=\"https:\/\/www.clarin.com\/deportes\/silvio-velo-capitan-murcielagos-hazanas-gran-sueno-mensaje-busca-transmitir_0_fpJeWkaC.html?utm_medium=Social&amp;utm_source=Facebook&amp;fbclid=IwAR0NgtRQYaBApkVzqHRHvNmBmvwovN0mTtn2dCxequ2QaCYaLZ5dSqupYvk#\"><\/a><\/p>\n\n\n\n<h5 class=\"wp-block-heading\">\u00abHoy mi desaf\u00edo es ayudar a que la gente descubra que todos podemos cumplir nuestros sue\u00f1os\u00bb, cuenta el sampedrino. <\/h5>\n\n\n\n<p> <a rel=\"noreferrer noopener\" href=\"https:\/\/www.clarin.com\/tema\/silvio-velo.html\" target=\"_blank\">Silvio Velo<\/a>\u200b naci\u00f3 ciego. Pero eso nunca lo limit\u00f3. Ni cuando en su infancia en San Pedro jugaba en el potrero con sus hermanos y amigos, d\u00e1ndoles ventaja porque no pod\u00eda ver la pelota. Ni cuando decidi\u00f3 seguir su sue\u00f1o futbolero y tuvo que remarla desde abajo en una \u00e9poca en la que el deporte paral\u00edmpico era considerado m\u00e1s una actividad de inclusi\u00f3n social que competitiva. Ni siquiera cada vez que eligi\u00f3 -y elige- enfrentar desaf\u00edos que pueden parecer imposibles para alguien con su discapacidad. <\/p>\n\n\n\n<p>\u00c9l siempre se sinti\u00f3 capaz de hacer todo lo que quer\u00eda. E hizo todo lo que sinti\u00f3 ganas de hacer. Incluso cumpli\u00f3 ese anhelo que ten\u00eda de chico de ser futbolista y hasta se dio el gusto de ganar dos Mundiales, colgarse tres medallas paral\u00edmpicas y\u00a0ser considerado durante ocho\u00a0a\u00f1os como el mejor jugador del mundo en su disciplina.<br><\/p>\n\n\n\n<p>El f\u00fatbol es su vida. Y aunque lo que lo mueve como deportista es seguir compitiendo y ganando -con 48 a\u00f1os se entrena todos los d\u00edas con el equipo de Boca y con el seleccionado argentino, con el que apunta a Tokio 2020-,\u00a0para \u00e9l, el deporte, como cada nuevo proyecto que encara, es una herramienta para hacer escuchar su mensaje.<br><\/p>\n\n\n\n<p>\u00abHoy mi desaf\u00edo es ayudar a que la gente descubra que todos podemos cumplir nuestros sue\u00f1os. No solo algunos. Yo nac\u00ed con una situaci\u00f3n totalmente adversa.\u00a0<strong>Nac\u00ed ciego, pobre, no ten\u00eda nada.\u00a0<\/strong>Pero ten\u00eda un sue\u00f1o que era jugar al f\u00fatbol. No sab\u00eda d\u00f3nde ni c\u00f3mo lograrlo. Pero persegu\u00ed ese sue\u00f1o\u00a0y llegu\u00e9 hasta donde estoy hoy. Por eso creo que soy una voz\u00a0autorizada para decir que siempre se puede\u00bb, reflexiona Velo en charla con\u00a0<strong>Clar\u00edn<\/strong>.<br><\/p>\n\n\n\n<p>Basta repasar su vida y su carrera -o simplemente escucharlo unos minutos- para darse cuenta de que habla con raz\u00f3n.<\/p>\n\n\n\n<figure class=\"wp-block-image\"><img decoding=\"async\" data-src=\"https:\/\/images.clarin.com\/2019\/03\/10\/arranque-jugando-al-futbol-con___cXtPP0Rcb_720x0__1.jpg\" alt=\"&quot;Arranqu\u00e9 jugando al f\u00fatbol con mis hermanos con una pelota convencional. Daba ventaja pero no me importaba. Yo quer\u00eda estar ah\u00ed y disfrutaba&quot;, cuenta el sampedrino, capit\u00e1n del seleccionado argentino de f\u00fatbol para ciegos desde hace casi 30 a\u00f1os. Foto AFP\/ Yasuyoshi Chiba\" src=\"data:image\/svg+xml;base64,PHN2ZyB3aWR0aD0iMSIgaGVpZ2h0PSIxIiB4bWxucz0iaHR0cDovL3d3dy53My5vcmcvMjAwMC9zdmciPjwvc3ZnPg==\" class=\"lazyload\" \/><\/figure>\n\n\n\n<p>\u00abArranqu\u00e9 jugando al f\u00fatbol con mis hermanos con una pelota convencional. Daba ventaja pero no me importaba. Yo quer\u00eda estar ah\u00ed y disfrutaba\u00bb, cuenta el sampedrino, capit\u00e1n del seleccionado argentino de f\u00fatbol para ciegos desde hace casi 30 a\u00f1os. Foto AFP\/ Yasuyoshi Chiba<\/p>\n\n\n\n<p>\u00abToda esta idea parte desde mi infancia. Arranqu\u00e9 jugando con mis hermanos y mis amigos en el barrio, en un f\u00fatbol que no estaba adaptado, con una pelota convencional. Movido por la pasi\u00f3n, me mezclaba y disfrutaba un mont\u00f3n. Por ah\u00ed no tocaba una pelota en cinco minutos, pero eso no me importaba. Me importaba estar ah\u00ed, experimentar esa sensaci\u00f3n de jugar en el potrero, que es algo hermoso. Y as\u00ed como jugaba al f\u00fatbol, andaba en bicicleta, me iba a pescar&#8230; Tuve una infancia muy normal. Tuve unos padres que no fueron sobreprotectores y eso me ayud\u00f3 much\u00edsimo. De ah\u00ed parte todo lo que logr\u00e9\u00bb, recuerda.<\/p>\n\n\n\n<p>La primera plataforma que encontr\u00f3 Velo para compartir su mensaje fue el seleccionado de f\u00fatbol para ciegos, del que es capit\u00e1n desde hace casi 30 a\u00f1os.<\/p>\n\n\n\n<p><br>\u00abCon Los Murci\u00e9lagos (como se conoce al equipo) hemos roto un mont\u00f3n de barreras. Al principio, nos miraban y pensaban\u00a0<em>&#8216;Pobrecito el cieguito, hace f\u00fatbol para no quedarse en casa&#8217;<\/em>. Y con el paso de los a\u00f1os entendieron que esto es en serio, que es un deporte.\u00a0Cuando arrancamos no nos conoc\u00eda nadie. Nos cansamos de golpear puertas que no se abr\u00edan. Pero a fuerza de buenos resultados se fueron abriendo y\u00a0hoy somos uno de los seleccionados m\u00e1s respetados del pa\u00eds. Siento una satisfacci\u00f3n enorme por\u00a0haber aportado mi granito de arena para que se empiece a mirarnos como deportistas y no como a personas que estamos haciendo terapia\u00bb, cont\u00f3.<br><\/p>\n\n\n\n<p><strong>-Ese mismo\u00a0concepto plante\u00f3 Gustavo Fern\u00e1ndez, n\u00famero uno del mundo en tenis adaptado, cuando renunci\u00f3\u00a0a su nominaci\u00f3n a los Premios Olimpia en la categor\u00eda Paral\u00edmpica. \u00bfQu\u00e9 pens\u00e1s de su decisi\u00f3n?<\/strong><br><\/p>\n\n\n\n<p>-Lo felicito por tener esa fuerza y esa convicci\u00f3n de intentar generar un cambio. Igual, esto no es de ahora ni de Argentina. Es mundial. Yo siempre digo\u00a0<em>&#8216;\u00bfPor qu\u00e9 la distinci\u00f3n entre deporte paral\u00edmpico y ol\u00edmpico?&#8217;<\/em>. Todos somos deportistas, m\u00e1s all\u00e1 de que alguno ser\u00e1 ciego, otro estar\u00e1\u00a0en una silla de ruedas como Gustavo y otro no tendr\u00e1\u00a0ninguna discapacidad. Yo cuando me saco la camiseta despu\u00e9s de un partido, la puedo escurrir y llenar un balde, al igual que cualquier otro futbolista que puede ver. Por eso creo que est\u00e1 mal desde la base, desde que se hace la diferencia entre ol\u00edmpico y paral\u00edmpico. Hay que cambiar eso.<br><\/p>\n\n\n\n<p>Con el crecimiento de Los Murci\u00e9lagos,\u00a0Velo encontr\u00f3\u00a0nuevos medios para compartir su\u00a0mensaje. Empez\u00f3 a dar charlas motivacionales contratado por distintas empresas y hasta escribi\u00f3 una autobiograf\u00eda, en colaboraci\u00f3n con el escritor Eduardo Podest\u00e1, cuyo t\u00edtulo resume perfectamente su forma de encarar la vida: \u00abCuando hay voluntad, hay mil maneras\u00bb.<\/p>\n\n\n\n<p><br>Pero el sampedrino tambi\u00e9n \u00abhabla\u00bb con sus acciones y se anima a probar con experiencias y deportes tal vez inusuales para una persona ciega.\u00a0<\/p>\n\n\n\n<p>\u00abYo soy deportista por excelencia, m\u00e1s all\u00e1 de futbolista. No me gusta quedarme en la comodidad de decir\u00a0<em>&#8216;Voy a jugar al f\u00fatbol porque ya s\u00e9 lo que es&#8217;<\/em>. Me gustan los desaf\u00edos, ponerme en la piel de otras personas, intentar con otros deportes. Mientras que est\u00e9 a mi\u00a0alcance, lo hago\u00bb, cuenta.<\/p>\n\n\n\n<p><strong>-\u00bfPor eso aceptaste la propuesta de escalar el Aconcagua en febrero\u00a0de 2018?<\/strong><\/p>\n\n\n\n<p>-Claro. Fue hermoso poder participar de ese ascenso con figuras como Fabricio Oberto,\u00a0<a rel=\"noreferrer noopener\" href=\"https:\/\/www.clarin.com\/tema\/julian-weich.html\" target=\"_blank\">Juli\u00e1n Weich<\/a>\u200b\u00a0y algunas m\u00e1s. Formamos un gran equipo y tuvimos que superar muchos obst\u00e1culos como defectos en el terreno, piedras, el fr\u00edo, la nieve, la lluvia, temperaturas de 20 grados bajo cero&#8230; Fue una experiencia maravillosa y me dej\u00f3 un mont\u00f3n de ense\u00f1anza. Y me dio\u00a0la oportunidad de transmitir ese mensaje de que se puede a mucha m\u00e1s gente. Fue un antes y un despu\u00e9s en ese sentido. Porque con las charlas, por ejemplo, llego a 50, 100 o 500 personas como mucho. Pero con esa experiencia llegu\u00e9 a millones, como cuando hice saltos ornamentales en un reality show de televisi\u00f3n.\u00a0<\/p>\n\n\n\n<p><strong>-\u00bfTe animaste a probar con los saltos ornamentales tambi\u00e9n?<\/strong><\/p>\n\n\n\n<p><br>-S\u00ed (r\u00ede), particip\u00e9 de Celebrity Splash, un programa que condujo\u00a0<a rel=\"noreferrer noopener\" href=\"https:\/\/www.clarin.com\/tema\/marley.html\" target=\"_blank\">Marley\u00a0<\/a>\u200ben 2013. Fue muy lindo. Arranqu\u00e9 sin tener idea de qu\u00e9 se trataba, pero fui trabajando con los coaches, superando un mont\u00f3n de obst\u00e1culos y en la \u00faltima gala, me termin\u00e9 tirando de 10 metros\u00a0con una doble vuelta mortal adelante y llegu\u00e9 a la final. Fue genial. Y tambi\u00e9n suma para lo que uno quiere transmitir.<\/p>\n\n\n\n<p>Velo sabe que est\u00e1 viviendo sus \u00faltimos a\u00f1os como futbolista, al menos con el seleccionado argentino. Sin embargo, al pensar en el futuro, no imagina una vida muy distinta a la que lleva hoy.\u00a0<\/p>\n\n\n\n<p>\u00abMe imagino como entrenador, aunque no de f\u00fatbol, de la vida. Transmitiendo todo esto que me dej\u00f3 el deporte, todas las ense\u00f1anzas, y\u00a0<strong>esa idea de que no hay imposibles.<\/strong>\u00a0Sobre todo eso \u00faltimo. Yo no siento que voy a terminar mi carrera, sino que voy a pasar a un segundo nivel y empezar una etapa que ser\u00e1 la continuaci\u00f3n de lo que estoy haciendo hoy\u00bb, analiz\u00f3 el sampedrino, incansable y eterno capit\u00e1n de los Murci\u00e9lagos, que inspira con el ejemplo.<\/p>\n\n\n\n<h2 class=\"wp-block-heading\">Objetivo Tokio<\/h2>\n\n\n\n<p>\u00abEl deporte ha sido muy generoso conmigo, me dio todo, mucho m\u00e1s de lo que puedo haberle dado yo\u00bb, resume Silvio Velo tras hacer mentalmente un repaso por su carrera y proyectarse unos meses hacia el futuro, hacia Tokio, el gran objetivo de este 2020.&nbsp;<\/p>\n\n\n\n<p>Como capit\u00e1n del seleccionado argentino, el sampedrino fue campe\u00f3n del Mundo en R\u00edo de Janeiro 2002 y Buenos Aires 2006; se colg\u00f3 la plata en los Juegos de Atenas 2004 y los&nbsp;bronces en Beijing 2008 y R\u00edo 2016 y gan\u00f3 medallas plateadas en los Parapanamericanos de R\u00edo 2007, Guadalajara 2011, Toronto 2015 y Lima 2019. Y hoy, mientras se prepara para los que tal vez sean sus \u00faltimos&nbsp;<a href=\"https:\/\/www.clarin.com\/tema\/juegos-paralimpicos.html\" target=\"_blank\" rel=\"noreferrer noopener\">Juegos Paral\u00edmpicos<\/a>\u200b, sue\u00f1a con un solo resultado.<\/p>\n\n\n\n<figure class=\"wp-block-image\"><img decoding=\"async\" data-src=\"https:\/\/images.clarin.com\/2020\/01\/22\/con-el-seleccionado-argentino-gano___Y3ZoVVwF_720x0__1.jpg\" alt=\"Con el seleccionado argentino gan\u00f3 t\u00edtulos mundiales y medallas parapanamericanas y paral\u00edmpicas. Pero sue\u00f1a con colgarse el oro en Tokio. &quot;Es lo que m\u00e1s anhelamos&quot;, asegura. Foto ENARD\" src=\"data:image\/svg+xml;base64,PHN2ZyB3aWR0aD0iMSIgaGVpZ2h0PSIxIiB4bWxucz0iaHR0cDovL3d3dy53My5vcmcvMjAwMC9zdmciPjwvc3ZnPg==\" class=\"lazyload\" \/><\/figure>\n\n\n\n<p>Con el seleccionado argentino gan\u00f3 t\u00edtulos mundiales y medallas parapanamericanas y paral\u00edmpicas. Pero sue\u00f1a con colgarse el oro en Tokio. \u00abEs lo que m\u00e1s anhelamos\u00bb, asegura. Foto ENARD<\/p>\n\n\n\n<p>\u00abNo quisiera retirarme sin darme el gusto de ganar ese oro que tanto anhelamos. Sabemos que es muy dif\u00edcil, quiz\u00e1s hasta imposible. Puede que no me toque estar ah\u00ed, pero me lo plante\u00e9&nbsp;como objetivo y estoy hoy enfocado en eso\u00bb, afirma Velo, que se clasific\u00f3 a Tokio junto a Los Murci\u00e9lagos al terminar segundos en la Copa Am\u00e9rica de San Pablo en junio pasado.<\/p>\n\n\n\n<p>Integrante del seleccionado argentino desde hace casi tres d\u00e9cadas, sabe que sin el apoyo de su familia no podr\u00eda haber mantenido su ritmo de vida durante tanto tiempo. Sus pilares son su mujer Claudia; sus siete hijos, Florencia, Nadia, Giuliana, Lautaro, Isa\u00edas y las mellizas Mar\u00eda Emilia y Mar\u00eda Clara, de tres a\u00f1os, que \u00abllegaron cuando ya hab\u00edamos cerrado la f\u00e1brica\u00bb; y sus dos nietos.<\/p>\n\n\n\n<p>\u00abEl apoyo de la familia es importante. Ellos son el sponsor n\u00famero uno. Est\u00e1n acostumbrados a que este es mi trabajo desde hace a\u00f1os, mi estilo de vida. Yo hago mis cosas y ellos hacen lo suyo. Pero est\u00e1n siempre,&nbsp;sobre todo en las malas, cuando uno se frustra porque las cosas no salen, ellos est\u00e1n para levantarte.<\/p>\n\n\n\n<p>A los 48 a\u00f1os, Velo sigue disfrutando del d\u00eda a d\u00eda del equipo. Esa es su gran motivaci\u00f3n. \u00abSiento las mismas ganas de competir, entrenarme, compartir concentraciones y viajes de toda la vida. Todav\u00eda me banco a los compa\u00f1eros (risas). No, en serio, todos en el equipo tenemos una relaci\u00f3n muy linda. Todav\u00eda tengo ese fuego adentro. Soy un apasionado por todo lo que hago y eso es lo que me mueve\u00bb, asegura.<\/p>\n\n\n\n<p>FUENTE: CLARIN<\/p>\n\n\n\n<p><br><br><\/p>\n\n\n\n<p><br><br><br><\/p>\n","protected":false},"excerpt":{"rendered":"<p>Escal\u00f3 el Aconcagua, hizo saltos ornamentales y es desde hace casi 30 a\u00f1os el capit\u00e1n de la Selecci\u00f3n Argentina para ciegos. \u00abHoy mi desaf\u00edo es ayudar a que la gente descubra que todos podemos cumplir nuestros sue\u00f1os\u00bb, cuenta el sampedrino. Silvio Velo\u200b naci\u00f3 ciego. Pero eso nunca lo limit\u00f3. Ni cuando en su infancia en [&hellip;]<\/p>\n","protected":false},"author":4,"featured_media":67636,"comment_status":"open","ping_status":"closed","sticky":false,"template":"","format":"standard","meta":{"om_disable_all_campaigns":false,"_jetpack_memberships_contains_paid_content":false,"footnotes":""},"categories":[50,101,2],"tags":[],"class_list":["post-67635","post","type-post","status-publish","format-standard","has-post-thumbnail","hentry","category-destacadas","category-interes-general-locales","category-locales"],"aioseo_notices":[],"gutentor_comment":0,"jetpack_featured_media_url":"https:\/\/eldiariodesanpedro.com.ar\/sitio\/wp-content\/uploads\/2020\/01\/14641941_885029948299415_2923826767341285131_n.jpg","jetpack_shortlink":"https:\/\/wp.me\/p6RhLt-hAT","jetpack_sharing_enabled":true,"_links":{"self":[{"href":"https:\/\/eldiariodesanpedro.com.ar\/sitio\/wp-json\/wp\/v2\/posts\/67635","targetHints":{"allow":["GET"]}}],"collection":[{"href":"https:\/\/eldiariodesanpedro.com.ar\/sitio\/wp-json\/wp\/v2\/posts"}],"about":[{"href":"https:\/\/eldiariodesanpedro.com.ar\/sitio\/wp-json\/wp\/v2\/types\/post"}],"author":[{"embeddable":true,"href":"https:\/\/eldiariodesanpedro.com.ar\/sitio\/wp-json\/wp\/v2\/users\/4"}],"replies":[{"embeddable":true,"href":"https:\/\/eldiariodesanpedro.com.ar\/sitio\/wp-json\/wp\/v2\/comments?post=67635"}],"version-history":[{"count":1,"href":"https:\/\/eldiariodesanpedro.com.ar\/sitio\/wp-json\/wp\/v2\/posts\/67635\/revisions"}],"predecessor-version":[{"id":67637,"href":"https:\/\/eldiariodesanpedro.com.ar\/sitio\/wp-json\/wp\/v2\/posts\/67635\/revisions\/67637"}],"wp:featuredmedia":[{"embeddable":true,"href":"https:\/\/eldiariodesanpedro.com.ar\/sitio\/wp-json\/wp\/v2\/media\/67636"}],"wp:attachment":[{"href":"https:\/\/eldiariodesanpedro.com.ar\/sitio\/wp-json\/wp\/v2\/media?parent=67635"}],"wp:term":[{"taxonomy":"category","embeddable":true,"href":"https:\/\/eldiariodesanpedro.com.ar\/sitio\/wp-json\/wp\/v2\/categories?post=67635"},{"taxonomy":"post_tag","embeddable":true,"href":"https:\/\/eldiariodesanpedro.com.ar\/sitio\/wp-json\/wp\/v2\/tags?post=67635"}],"curies":[{"name":"wp","href":"https:\/\/api.w.org\/{rel}","templated":true}]}}