{"id":67632,"date":"2020-01-25T12:42:45","date_gmt":"2020-01-25T15:42:45","guid":{"rendered":"https:\/\/eldiariodesanpedro.com.ar\/sitio\/?p=67632"},"modified":"2020-01-25T12:42:46","modified_gmt":"2020-01-25T15:42:46","slug":"comienzo-del-curso-de-introduccion-al-trabajo","status":"publish","type":"post","link":"https:\/\/eldiariodesanpedro.com.ar\/sitio\/comienzo-del-curso-de-introduccion-al-trabajo\/","title":{"rendered":"Comienzo del Curso de Introducci\u00f3n al Trabajo"},"content":{"rendered":"<!-- VideographyWP Plugin Message: Automatic video embedding prevented by plugin options. -->\n\n<p>La Municipalidad de San Pedro a trav\u00e9s de la Secretar\u00eda de Desarrollo Econ\u00f3mico di\u00f3 comienzo a un nuevo Taller CIT (Curso de Introducci\u00f3n al Trabajo).<br>El taller est\u00e1 destinado a j\u00f3venes entre 18 a 24 a\u00f1os. <\/p>\n\n\n\n<p> Es una herramienta que posibilita a los j\u00f3venes mejorar sus oportunidades de empleo. All\u00ed se reflexiona sobre los objetivos de educaci\u00f3n y laborales de cada uno, analizando su experiencia y conocimientos y los que son requeridos en los puestos de trabajo demandados en su localidad o regi\u00f3n. Est\u00e1 dirigido a participantes del Programa J\u00f3venes y Progresar. <\/p>\n\n\n\n<p>Tambi\u00e9n sirve para:<\/p>\n\n\n\n<ul class=\"wp-block-list\"><li>Fortalecer sus competencias de comunicaci\u00f3n.<\/li><li>Conocer los principales derechos y obligaciones de los trabajadores.<\/li><li>Aprender sobre condiciones de trabajo decente y requerimientos b\u00e1sicos en un \u00e1mbito laboral para garantizar la salud en el trabajo.<\/li><li>Iniciar o profundizar la alfabetizaci\u00f3n digital.<\/li><li>Identificar las ofertas de formaci\u00f3n en capacitaci\u00f3n laboral y educaci\u00f3n formal en su localidad.<\/li><\/ul>\n","protected":false},"excerpt":{"rendered":"<p>La Municipalidad de San Pedro a trav\u00e9s de la Secretar\u00eda de Desarrollo Econ\u00f3mico di\u00f3 comienzo a un nuevo Taller CIT (Curso de Introducci\u00f3n al Trabajo).El taller est\u00e1 destinado a j\u00f3venes entre 18 a 24 a\u00f1os. Es una herramienta que posibilita a los j\u00f3venes mejorar sus oportunidades de empleo. All\u00ed se reflexiona sobre los objetivos de [&hellip;]<\/p>\n","protected":false},"author":4,"featured_media":67633,"comment_status":"open","ping_status":"closed","sticky":false,"template":"","format":"standard","meta":{"om_disable_all_campaigns":false,"_jetpack_memberships_contains_paid_content":false,"footnotes":""},"categories":[101,2],"tags":[],"class_list":["post-67632","post","type-post","status-publish","format-standard","has-post-thumbnail","hentry","category-interes-general-locales","category-locales"],"aioseo_notices":[],"gutentor_comment":0,"jetpack_featured_media_url":"https:\/\/eldiariodesanpedro.com.ar\/sitio\/wp-content\/uploads\/2020\/01\/83817441_2737194723041852_7271786352646029312_o.jpg","jetpack_shortlink":"https:\/\/wp.me\/p6RhLt-hAQ","jetpack_sharing_enabled":true,"_links":{"self":[{"href":"https:\/\/eldiariodesanpedro.com.ar\/sitio\/wp-json\/wp\/v2\/posts\/67632","targetHints":{"allow":["GET"]}}],"collection":[{"href":"https:\/\/eldiariodesanpedro.com.ar\/sitio\/wp-json\/wp\/v2\/posts"}],"about":[{"href":"https:\/\/eldiariodesanpedro.com.ar\/sitio\/wp-json\/wp\/v2\/types\/post"}],"author":[{"embeddable":true,"href":"https:\/\/eldiariodesanpedro.com.ar\/sitio\/wp-json\/wp\/v2\/users\/4"}],"replies":[{"embeddable":true,"href":"https:\/\/eldiariodesanpedro.com.ar\/sitio\/wp-json\/wp\/v2\/comments?post=67632"}],"version-history":[{"count":1,"href":"https:\/\/eldiariodesanpedro.com.ar\/sitio\/wp-json\/wp\/v2\/posts\/67632\/revisions"}],"predecessor-version":[{"id":67634,"href":"https:\/\/eldiariodesanpedro.com.ar\/sitio\/wp-json\/wp\/v2\/posts\/67632\/revisions\/67634"}],"wp:featuredmedia":[{"embeddable":true,"href":"https:\/\/eldiariodesanpedro.com.ar\/sitio\/wp-json\/wp\/v2\/media\/67633"}],"wp:attachment":[{"href":"https:\/\/eldiariodesanpedro.com.ar\/sitio\/wp-json\/wp\/v2\/media?parent=67632"}],"wp:term":[{"taxonomy":"category","embeddable":true,"href":"https:\/\/eldiariodesanpedro.com.ar\/sitio\/wp-json\/wp\/v2\/categories?post=67632"},{"taxonomy":"post_tag","embeddable":true,"href":"https:\/\/eldiariodesanpedro.com.ar\/sitio\/wp-json\/wp\/v2\/tags?post=67632"}],"curies":[{"name":"wp","href":"https:\/\/api.w.org\/{rel}","templated":true}]}}