{"id":6763,"date":"2016-08-04T19:04:21","date_gmt":"2016-08-04T22:04:21","guid":{"rendered":"https:\/\/eldiariodesanpedro.com.ar\/sitio\/?p=6763"},"modified":"2016-08-04T19:04:21","modified_gmt":"2016-08-04T22:04:21","slug":"vecinos-de-jose-hernandez-y-pavon-piden-que-sea-liberada-una-calle-usurpada","status":"publish","type":"post","link":"https:\/\/eldiariodesanpedro.com.ar\/sitio\/vecinos-de-jose-hernandez-y-pavon-piden-que-sea-liberada-una-calle-usurpada\/","title":{"rendered":"Vecinos de Jos\u00e9 Hern\u00e1ndez y Pav\u00f3n piden que sea liberada una calle usurpada"},"content":{"rendered":"<p><!-- VideographyWP Plugin Message: Automatic video embedding prevented by plugin options. --><br \/>\nDesde el a\u00f1o 2013, vecinos de inmediaciones de Jos\u00e9 Hern\u00e1ndez y Pav\u00f3n reclaman por la usurpaci\u00f3n de un predio por donde pasa la traza de una calle que, hasta el momento, no hab\u00eda sido abierta. All\u00ed las personas que tomaron posesi\u00f3n del lugar, construyeron un galp\u00f3n que utilizaron para acopiar distintos elementos, muchos para reciclar, tales como cart\u00f3n. Pero all\u00ed tambi\u00e9n se pueden ver tambores de aceite, pallets en gran cantidad, entre otras cosas. Lo preocupante es que todo ello atrae a los roedores y, en verano, contribuye a conformar estanques de agua, convenientes para que los mosquitos se reproduzcan, entre ellos los que contagian el dengue.<br \/>\nA trav\u00e9s de \u201cSomos Noticias\u201d, que se emite por el canal 2 de la pantalla de Cablevisi\u00f3n, vecinos pusieron de manifiesto lo que est\u00e1 ocurriendo all\u00ed y pidieron que las autoridades tomen \u201ccartas en el asunto\u201d.<br \/>\nUna de las personas que reside en cercan\u00edas, Silvina Zunino, relat\u00f3: \u201cLamentablemente nada ha cambiado, esto sigue empeorando, cada vez hay m\u00e1s basura, m\u00e1s tachos, la vereda est\u00e1 cortada, cortan la calle para cargar y descargar los camiones\u201d.<br \/>\n\u201cHay dos nenitos que concurren a SADIV, la camioneta viene a las tres y cuarto de la tarde y los d\u00edas de lluvia tiene que pegar la vuelta porque no puede pasar, la calle est\u00e1 toda rota\u201d, asegur\u00f3.<br \/>\nAl tiempo, Zunino dijo: \u201cNunca logramos una soluci\u00f3n, cada vez avanza m\u00e1s toda la mugre y a nadie le importa\u201d. \u201cEn el a\u00f1o 2013 empezamos con las denuncias, que [el due\u00f1o del galp\u00f3n] empez\u00f3 a ocupar el terreno, que era la calle, que estaba alambrada pero no hab\u00eda nada. De a poquito comenz\u00f3 a poner basura\u201d. Y sostuvo que pretenden al menos \u201csaber si la actividad que \u00e9l desempe\u00f1a lo puede hacer en una zona urbana, estamos en una zona residencial\u201d.<br \/>\nOtra vecina relat\u00f3: \u201cTengo una hermana que va a SADIV\u201d. \u201cPedimos la liberaci\u00f3n de la calle, el mantenimiento de la misma y que podamos circular libremente los vecinos como corresponde\u201d.<br \/>\nEn tanto, otra mujer cont\u00f3: \u201cEl cami\u00f3n de la basura dejaba de pasar porque no lo pod\u00eda hacer por todo esto\u201d. \u201cNos dijeron que no pod\u00edan pasar por esto, por los acoplados que hay ac\u00e1 y les pedimos que los corrieran, porque si no no pod\u00edan juntar la basura tampoco\u201d.<\/p>\n","protected":false},"excerpt":{"rendered":"<p>Desde el a\u00f1o 2013, vecinos de inmediaciones de Jos\u00e9 Hern\u00e1ndez y Pav\u00f3n reclaman por la usurpaci\u00f3n de un predio por donde pasa la traza de una calle que, hasta el momento, no hab\u00eda sido abierta. All\u00ed las personas que tomaron posesi\u00f3n del lugar, construyeron un galp\u00f3n que utilizaron para acopiar distintos elementos, muchos para reciclar, [&hellip;]<\/p>\n","protected":false},"author":4,"featured_media":6764,"comment_status":"open","ping_status":"closed","sticky":false,"template":"","format":"standard","meta":{"om_disable_all_campaigns":false,"_jetpack_memberships_contains_paid_content":false,"footnotes":""},"categories":[50,101,2],"tags":[],"class_list":["post-6763","post","type-post","status-publish","format-standard","has-post-thumbnail","hentry","category-destacadas","category-interes-general-locales","category-locales"],"aioseo_notices":[],"gutentor_comment":1,"jetpack_featured_media_url":"https:\/\/eldiariodesanpedro.com.ar\/sitio\/wp-content\/uploads\/2016\/08\/PAGINA-4-01-1.jpg","jetpack_shortlink":"https:\/\/wp.me\/p6RhLt-1L5","jetpack_sharing_enabled":true,"_links":{"self":[{"href":"https:\/\/eldiariodesanpedro.com.ar\/sitio\/wp-json\/wp\/v2\/posts\/6763","targetHints":{"allow":["GET"]}}],"collection":[{"href":"https:\/\/eldiariodesanpedro.com.ar\/sitio\/wp-json\/wp\/v2\/posts"}],"about":[{"href":"https:\/\/eldiariodesanpedro.com.ar\/sitio\/wp-json\/wp\/v2\/types\/post"}],"author":[{"embeddable":true,"href":"https:\/\/eldiariodesanpedro.com.ar\/sitio\/wp-json\/wp\/v2\/users\/4"}],"replies":[{"embeddable":true,"href":"https:\/\/eldiariodesanpedro.com.ar\/sitio\/wp-json\/wp\/v2\/comments?post=6763"}],"version-history":[{"count":1,"href":"https:\/\/eldiariodesanpedro.com.ar\/sitio\/wp-json\/wp\/v2\/posts\/6763\/revisions"}],"predecessor-version":[{"id":6765,"href":"https:\/\/eldiariodesanpedro.com.ar\/sitio\/wp-json\/wp\/v2\/posts\/6763\/revisions\/6765"}],"wp:featuredmedia":[{"embeddable":true,"href":"https:\/\/eldiariodesanpedro.com.ar\/sitio\/wp-json\/wp\/v2\/media\/6764"}],"wp:attachment":[{"href":"https:\/\/eldiariodesanpedro.com.ar\/sitio\/wp-json\/wp\/v2\/media?parent=6763"}],"wp:term":[{"taxonomy":"category","embeddable":true,"href":"https:\/\/eldiariodesanpedro.com.ar\/sitio\/wp-json\/wp\/v2\/categories?post=6763"},{"taxonomy":"post_tag","embeddable":true,"href":"https:\/\/eldiariodesanpedro.com.ar\/sitio\/wp-json\/wp\/v2\/tags?post=6763"}],"curies":[{"name":"wp","href":"https:\/\/api.w.org\/{rel}","templated":true}]}}