{"id":67629,"date":"2020-01-25T12:37:27","date_gmt":"2020-01-25T15:37:27","guid":{"rendered":"https:\/\/eldiariodesanpedro.com.ar\/sitio\/?p=67629"},"modified":"2020-01-25T12:37:32","modified_gmt":"2020-01-25T15:37:32","slug":"campana-defensa-civil-comenzo-a-dictar-sus-cursos-de-rcp-y-primeros-auxilios","status":"publish","type":"post","link":"https:\/\/eldiariodesanpedro.com.ar\/sitio\/campana-defensa-civil-comenzo-a-dictar-sus-cursos-de-rcp-y-primeros-auxilios\/","title":{"rendered":"CAMPANA: Defensa Civil comenz\u00f3 a dictar sus cursos de RCP y primeros auxilios"},"content":{"rendered":"<!-- VideographyWP Plugin Message: Automatic video embedding prevented by plugin options. -->\n\n<p> El cronograma de capacitaciones te\u00f3ricas y pr\u00e1cticas inici\u00f3 en el H\u00f6lters Schule. Participaron ni\u00f1os y docentes que concurren a la colonia de verano.<br><\/p>\n\n\n\n<p>\n\nDefensa Civil Campana, en conjunto con la de Exaltaci\u00f3n de la Cruz, comenz\u00f3 a dictar sus cursos te\u00f3ricos y pr\u00e1cticos de Reanimaci\u00f3n Cardio Pulmonar (RCP) y primeros auxilios.<\/p>\n\n\n\n<p>El director General de Defensa Civil, Juan Carlos Ruiz, junto a su par de la localidad vecina, Alejandro Saavedra, se acercaron al colegio H\u00f6lters Schule para llevar adelante la capacitaci\u00f3n a ni\u00f1os y docentes que concurren a la colonia de verano del lugar.<br>All\u00ed, se brind\u00f3 informaci\u00f3n sobre maniobras sencillas de RCP, se dieron a conocer las maniobras de c\u00f3mo actuar en los primeros minutos y atender a una persona ante una emergencia.<\/p>\n\n\n\n<p>Seg\u00fan anticip\u00f3 Ruiz, estos cursos se seguir\u00e1n brindando en distintas instituciones de la ciudad, comenzando la semana pr\u00f3xima por la Alcaid\u00eda Penitenciaria. <\/p>\n\n\n\n<p>CAMPANA NOTICIAS<\/p>\n","protected":false},"excerpt":{"rendered":"<p>El cronograma de capacitaciones te\u00f3ricas y pr\u00e1cticas inici\u00f3 en el H\u00f6lters Schule. Participaron ni\u00f1os y docentes que concurren a la colonia de verano. Defensa Civil Campana, en conjunto con la de Exaltaci\u00f3n de la Cruz, comenz\u00f3 a dictar sus cursos te\u00f3ricos y pr\u00e1cticos de Reanimaci\u00f3n Cardio Pulmonar (RCP) y primeros auxilios. El director General de [&hellip;]<\/p>\n","protected":false},"author":4,"featured_media":67630,"comment_status":"open","ping_status":"closed","sticky":false,"template":"","format":"standard","meta":{"om_disable_all_campaigns":false,"_jetpack_memberships_contains_paid_content":false,"footnotes":""},"categories":[621],"tags":[],"class_list":["post-67629","post","type-post","status-publish","format-standard","has-post-thumbnail","hentry","category-regionales"],"aioseo_notices":[],"gutentor_comment":0,"jetpack_featured_media_url":"https:\/\/eldiariodesanpedro.com.ar\/sitio\/wp-content\/uploads\/2020\/01\/20200124043433.jpg","jetpack_shortlink":"https:\/\/wp.me\/p6RhLt-hAN","jetpack_sharing_enabled":true,"_links":{"self":[{"href":"https:\/\/eldiariodesanpedro.com.ar\/sitio\/wp-json\/wp\/v2\/posts\/67629","targetHints":{"allow":["GET"]}}],"collection":[{"href":"https:\/\/eldiariodesanpedro.com.ar\/sitio\/wp-json\/wp\/v2\/posts"}],"about":[{"href":"https:\/\/eldiariodesanpedro.com.ar\/sitio\/wp-json\/wp\/v2\/types\/post"}],"author":[{"embeddable":true,"href":"https:\/\/eldiariodesanpedro.com.ar\/sitio\/wp-json\/wp\/v2\/users\/4"}],"replies":[{"embeddable":true,"href":"https:\/\/eldiariodesanpedro.com.ar\/sitio\/wp-json\/wp\/v2\/comments?post=67629"}],"version-history":[{"count":1,"href":"https:\/\/eldiariodesanpedro.com.ar\/sitio\/wp-json\/wp\/v2\/posts\/67629\/revisions"}],"predecessor-version":[{"id":67631,"href":"https:\/\/eldiariodesanpedro.com.ar\/sitio\/wp-json\/wp\/v2\/posts\/67629\/revisions\/67631"}],"wp:featuredmedia":[{"embeddable":true,"href":"https:\/\/eldiariodesanpedro.com.ar\/sitio\/wp-json\/wp\/v2\/media\/67630"}],"wp:attachment":[{"href":"https:\/\/eldiariodesanpedro.com.ar\/sitio\/wp-json\/wp\/v2\/media?parent=67629"}],"wp:term":[{"taxonomy":"category","embeddable":true,"href":"https:\/\/eldiariodesanpedro.com.ar\/sitio\/wp-json\/wp\/v2\/categories?post=67629"},{"taxonomy":"post_tag","embeddable":true,"href":"https:\/\/eldiariodesanpedro.com.ar\/sitio\/wp-json\/wp\/v2\/tags?post=67629"}],"curies":[{"name":"wp","href":"https:\/\/api.w.org\/{rel}","templated":true}]}}