{"id":67623,"date":"2020-01-25T12:19:47","date_gmt":"2020-01-25T15:19:47","guid":{"rendered":"https:\/\/eldiariodesanpedro.com.ar\/sitio\/?p=67623"},"modified":"2020-01-25T12:19:51","modified_gmt":"2020-01-25T15:19:51","slug":"el-policia-acusado-de-matar-a-luna-se-encuentra-detenido-en-ramallo","status":"publish","type":"post","link":"https:\/\/eldiariodesanpedro.com.ar\/sitio\/el-policia-acusado-de-matar-a-luna-se-encuentra-detenido-en-ramallo\/","title":{"rendered":"El polic\u00eda acusado de matar a Luna se encuentra detenido en Ramallo"},"content":{"rendered":"<!-- VideographyWP Plugin Message: Automatic video embedding prevented by plugin options. -->\n\n<p>Se trata del oficial Facundo G\u00f3mez, quien se desempe\u00f1aba en la Comisar\u00eda de nuestra ciudad y en la madrugada del viernes ingres\u00f3 a la vivienda donde se encontraba Luna.<\/p>\n\n\n\n<p>El Fiscal Marcelo Manso imput\u00f3 a un efectivo de la Comisar\u00eda de nuestra ciudad acusado de ser el autor del disparo que hiri\u00f3 de muerte a Angel Gabriel Luna (26 a\u00f1os) en la madrugada del viernes 24 de enero.<\/p>\n\n\n\n<p>El Juez de Garant\u00edas Ricardo Pratti hizo lugar a lo solicitado por el titular de la Ufi 5 y orden\u00f3 la detenci\u00f3n del funcionario Facundo G\u00f3mez, de 26 a\u00f1os, por ser el principal sospechoso de asesinar al joven.<\/p>\n\n\n\n<p>El polic\u00eda se present\u00f3 en la noche del viernes ante el Dr. Manso y luego qued\u00f3 alojado en la Comisar\u00eda 1ra. de la ciudad de Ramallo.<\/p>\n\n\n\n<p>Seg\u00fan se pudo saber el funcionario arrib\u00f3 a la vivienda de la calle Alvarado al 1300 a bordo de un m\u00f3vil que hab\u00eda sido convocado por la propia familia de la v\u00edctima debido a que el joven se encontraba en estado de ebriedad y muy violento, se trataba de un conflicto familiar.<\/p>\n\n\n\n<p>Luna a la advertencia de la autoridad, escapa a un patio lindero\u00a0 y hasta all\u00ed lleg\u00f3 la polic\u00eda, pero se desconoce con certeza qu\u00e9 sucedi\u00f3 realmente tras varias versiones.<br><\/p>\n\n\n\n<p>Lo cierto es que el efectivo efectu\u00f3 un disparo de posta de goma que dio en el pecho de Luna y lo mat\u00f3 en el acto.<\/p>\n\n\n\n<p>Los peritos de Prefectura trabajan en el lugar y\u00a0 secuestraron un arma de fuego junto al cuerpo del joven muerto.<br><\/p>\n\n\n\n<p>El pr\u00f3ximo paso del Fiscal Manso ser\u00e1 el de determinar si efectivamente Luna llevaba un arma, si la misma tiene sus huellas y si fue utilizada en ese mismo momento, ya que su familia sostiene que el rev\u00f3lver no era de \u00e9l.<br><\/p>\n\n\n\n<p><br><\/p>\n","protected":false},"excerpt":{"rendered":"<p>Se trata del oficial Facundo G\u00f3mez, quien se desempe\u00f1aba en la Comisar\u00eda de nuestra ciudad y en la madrugada del viernes ingres\u00f3 a la vivienda donde se encontraba Luna. El Fiscal Marcelo Manso imput\u00f3 a un efectivo de la Comisar\u00eda de nuestra ciudad acusado de ser el autor del disparo que hiri\u00f3 de muerte a [&hellip;]<\/p>\n","protected":false},"author":4,"featured_media":67546,"comment_status":"open","ping_status":"closed","sticky":false,"template":"","format":"standard","meta":{"om_disable_all_campaigns":false,"_jetpack_memberships_contains_paid_content":false,"footnotes":""},"categories":[50,2,103],"tags":[],"class_list":["post-67623","post","type-post","status-publish","format-standard","has-post-thumbnail","hentry","category-destacadas","category-locales","category-policiales-locales"],"aioseo_notices":[],"gutentor_comment":0,"jetpack_featured_media_url":"https:\/\/eldiariodesanpedro.com.ar\/sitio\/wp-content\/uploads\/2020\/01\/6_IMG-20200124-WA0036_watermark_vie._24012020_101548.jpg","jetpack_shortlink":"https:\/\/wp.me\/p6RhLt-hAH","jetpack_sharing_enabled":true,"_links":{"self":[{"href":"https:\/\/eldiariodesanpedro.com.ar\/sitio\/wp-json\/wp\/v2\/posts\/67623","targetHints":{"allow":["GET"]}}],"collection":[{"href":"https:\/\/eldiariodesanpedro.com.ar\/sitio\/wp-json\/wp\/v2\/posts"}],"about":[{"href":"https:\/\/eldiariodesanpedro.com.ar\/sitio\/wp-json\/wp\/v2\/types\/post"}],"author":[{"embeddable":true,"href":"https:\/\/eldiariodesanpedro.com.ar\/sitio\/wp-json\/wp\/v2\/users\/4"}],"replies":[{"embeddable":true,"href":"https:\/\/eldiariodesanpedro.com.ar\/sitio\/wp-json\/wp\/v2\/comments?post=67623"}],"version-history":[{"count":1,"href":"https:\/\/eldiariodesanpedro.com.ar\/sitio\/wp-json\/wp\/v2\/posts\/67623\/revisions"}],"predecessor-version":[{"id":67624,"href":"https:\/\/eldiariodesanpedro.com.ar\/sitio\/wp-json\/wp\/v2\/posts\/67623\/revisions\/67624"}],"wp:featuredmedia":[{"embeddable":true,"href":"https:\/\/eldiariodesanpedro.com.ar\/sitio\/wp-json\/wp\/v2\/media\/67546"}],"wp:attachment":[{"href":"https:\/\/eldiariodesanpedro.com.ar\/sitio\/wp-json\/wp\/v2\/media?parent=67623"}],"wp:term":[{"taxonomy":"category","embeddable":true,"href":"https:\/\/eldiariodesanpedro.com.ar\/sitio\/wp-json\/wp\/v2\/categories?post=67623"},{"taxonomy":"post_tag","embeddable":true,"href":"https:\/\/eldiariodesanpedro.com.ar\/sitio\/wp-json\/wp\/v2\/tags?post=67623"}],"curies":[{"name":"wp","href":"https:\/\/api.w.org\/{rel}","templated":true}]}}