{"id":67619,"date":"2020-01-25T12:05:08","date_gmt":"2020-01-25T15:05:08","guid":{"rendered":"https:\/\/eldiariodesanpedro.com.ar\/sitio\/?p=67619"},"modified":"2020-01-25T12:05:14","modified_gmt":"2020-01-25T15:05:14","slug":"lo-robaron-lo-secuestraron-por-dias-y-lo-tiraron-todo-lastimado-le-arrancaron-un-ojo","status":"publish","type":"post","link":"https:\/\/eldiariodesanpedro.com.ar\/sitio\/lo-robaron-lo-secuestraron-por-dias-y-lo-tiraron-todo-lastimado-le-arrancaron-un-ojo\/","title":{"rendered":"Lo robaron, lo secuestraron por dias y lo tiraron todo lastimado, le arrancaron un ojo"},"content":{"rendered":"<!-- VideographyWP Plugin Message: Automatic video embedding prevented by plugin options. -->\n\n<p>Este perrito\u00a0pitbull\u00a0es todo un sobreviviente del oscuro y horrible mundo de las peleas clandestinas de perros o de alguna persona sumamente cruel. Lo robaron, lo usaron, lo lastimaron y lo tiraron. Hoy ya se encuentra con su familia otra vez.<\/p>\n\n\n\n<p>Hace aproximadamente 15 dias comenzo la busqueda de Fuleco, se lo hab\u00eda tragado la tierra, nadie sab\u00eda nada de \u00e9l, a trav\u00e9s de las redes sociales todo el mundo compart\u00eda para que aparezca, su familia estaba desesperada.<br><\/p>\n\n\n\n<figure class=\"wp-block-image size-large\"><img decoding=\"async\" width=\"480\" height=\"854\" data-attachment-id=\"67620\" data-permalink=\"https:\/\/eldiariodesanpedro.com.ar\/sitio\/lo-robaron-lo-secuestraron-por-dias-y-lo-tiraron-todo-lastimado-le-arrancaron-un-ojo\/whatsapp-image-2020-01-24-at-2-36-20-pm\/\" data-orig-file=\"https:\/\/eldiariodesanpedro.com.ar\/sitio\/wp-content\/uploads\/2020\/01\/WhatsApp-Image-2020-01-24-at-2.36.20-PM.jpeg\" data-orig-size=\"480,854\" data-comments-opened=\"1\" data-image-meta=\"{&quot;aperture&quot;:&quot;0&quot;,&quot;credit&quot;:&quot;&quot;,&quot;camera&quot;:&quot;&quot;,&quot;caption&quot;:&quot;&quot;,&quot;created_timestamp&quot;:&quot;0&quot;,&quot;copyright&quot;:&quot;&quot;,&quot;focal_length&quot;:&quot;0&quot;,&quot;iso&quot;:&quot;0&quot;,&quot;shutter_speed&quot;:&quot;0&quot;,&quot;title&quot;:&quot;&quot;,&quot;orientation&quot;:&quot;0&quot;}\" data-image-title=\"WhatsApp-Image-2020-01-24-at-2.36.20-PM\" data-image-description=\"\" data-image-caption=\"\" data-large-file=\"https:\/\/eldiariodesanpedro.com.ar\/sitio\/wp-content\/uploads\/2020\/01\/WhatsApp-Image-2020-01-24-at-2.36.20-PM.jpeg\" data-src=\"https:\/\/eldiariodesanpedro.com.ar\/sitio\/wp-content\/uploads\/2020\/01\/WhatsApp-Image-2020-01-24-at-2.36.20-PM.jpeg\" alt=\"\" class=\"wp-image-67620 lazyload\" data-srcset=\"https:\/\/eldiariodesanpedro.com.ar\/sitio\/wp-content\/uploads\/2020\/01\/WhatsApp-Image-2020-01-24-at-2.36.20-PM.jpeg 480w, https:\/\/eldiariodesanpedro.com.ar\/sitio\/wp-content\/uploads\/2020\/01\/WhatsApp-Image-2020-01-24-at-2.36.20-PM-169x300.jpeg 169w\" data-sizes=\"(max-width: 480px) 100vw, 480px\" src=\"data:image\/svg+xml;base64,PHN2ZyB3aWR0aD0iMSIgaGVpZ2h0PSIxIiB4bWxucz0iaHR0cDovL3d3dy53My5vcmcvMjAwMC9zdmciPjwvc3ZnPg==\" style=\"--smush-placeholder-width: 480px; --smush-placeholder-aspect-ratio: 480\/854;\" \/><\/figure>\n\n\n\n<p> <\/p>\n\n\n\n<p>Con el cuerpo herido y respirando con dificultad es c\u00f3mo fue encontrado este perrito. Verlo sufrir tanto le romp\u00eda el coraz\u00f3n a cualquiera.<br><\/p>\n\n\n\n<p>\u00a0Vida Animal public\u00f3 su foto en su cuenta de facebook hasta que fue reconocido por un familiar y se produjo el tan esperado encuentro.<br><\/p>\n\n\n\n<p>Pero pasaba algo m\u00e1s, sus ojitos estaban destrozados. En la veterinaria Pointis fue atendido de urgencia y fue sometido a una gran cirug\u00eda, pero a pesar de todo el esfuerzo de los profesionales, Fuleco ya no podr\u00e1 ver.<br><\/p>\n\n\n\n<p>Desde nuestra redacci\u00f3n dialogamos con Nerea su due\u00f1a y nos cont\u00f3 lo sucedido, \u00abapareci\u00f3 el viernes por el barrio Villa Igoillo, una se\u00f1ora lo encontr\u00f3 en la puerta y all\u00ed public\u00f3 su foto en el face y enseguida fuimos a buscarlo\u00bb<br><\/p>\n\n\n\n<p>\u00abTiene toda la cara lastima hasta perdi\u00f3 un ojo, creo que no fue por peleas porque en el cuerpo no tiene heridas compatibles a eso, la cara si, le sacaron un ojo y el otro lo perdio tambien, lo llevamos a la veterinaria enseguida que lo encontramos y lo operaron, ahora tiene que cicatrizar las heridas, por los gusanos le est\u00e1n dando antibi\u00f3ticos\u00a0 y el curabichera por ahora\u00bb<br><\/p>\n\n\n\n<p>Y culmino, \u00ablo tenemos hace 6 a\u00f1os, ahora ya est\u00e1 en casa con nosotros, cuando se despierta ya nos reconoce, esta mejor, nos queda una dura recuperaci\u00f3n\u00bb.<br><\/p>\n\n\n\n<p><strong>\u201dLa crueldad hacia los animales ense\u00f1a la crueldad hacia los humanos\u201d<\/strong><\/p>\n\n\n\n<p>Las noticias nos informan cada vez m\u00e1s de animales quemados, cegados, ahorcados,\u00a0enterrados vivos, mutilados o incluso\u00a0pintados por diversi\u00f3n\u00a0o como reacci\u00f3n al aburrimiento. Estas torturas esconden algo m\u00e1s profundo: el deseo, a veces la necesidad, de sujetos psicol\u00f3gica y socialmente d\u00e9biles de\u00a0<strong>mostrarse grandes, fuertes y valientes<\/strong>.<\/p>\n\n\n\n<p>Podemos decir que se trata a menudo de personas que comprenden sus l\u00edmites sociales, intelectuales o culturales. En la\u00a0<strong>persecuci\u00f3n de la criatura m\u00e1s d\u00e9bil<\/strong>, sin embargo, por un momento se sienten m\u00e1s potentes, o mejor dicho, menos impotentes. Identificar a alguien m\u00e1s vulnerable y fr\u00e1gil es una manera f\u00e1cil para no sentirse los \u00faltimos de la cadena.<\/p>\n\n\n\n<p><strong>Ley 14.346<\/strong> protege a los animales del maltrato y la crueldad del hombre. Estos actos son delitos y pod\u00e9s denunciarlos<\/p>\n\n\n\n<p>\n\nTen\u00e9s que hacer la denuncia penal. El tr\u00e1mite es gratuito y los funcionarios est\u00e1n obligados a tomarla. Seg\u00fan donde viv\u00eds, pod\u00e9s hacerla: &nbsp;<\/p>\n\n\n\n<ul class=\"wp-block-list\"><li>En la comisar\u00eda m\u00e1s cercana al lugar donde ocurri\u00f3 el hecho.<\/li><\/ul>\n\n\n\n<ul class=\"wp-block-list\"><li>En la fiscal\u00eda o UFI (Unidad Funcional de Instrucci\u00f3n).<\/li><\/ul>\n\n\n\n<ul class=\"wp-block-list\"><li>En el Juzgado de instrucci\u00f3n.<\/li><\/ul>\n\n\n\n<p><br><br><br><br><br><br><\/p>\n","protected":false},"excerpt":{"rendered":"<p>Este perrito\u00a0pitbull\u00a0es todo un sobreviviente del oscuro y horrible mundo de las peleas clandestinas de perros o de alguna persona sumamente cruel. Lo robaron, lo usaron, lo lastimaron y lo tiraron. Hoy ya se encuentra con su familia otra vez. Hace aproximadamente 15 dias comenzo la busqueda de Fuleco, se lo hab\u00eda tragado la tierra, [&hellip;]<\/p>\n","protected":false},"author":4,"featured_media":67621,"comment_status":"open","ping_status":"closed","sticky":false,"template":"","format":"standard","meta":{"om_disable_all_campaigns":false,"_jetpack_memberships_contains_paid_content":false,"footnotes":""},"categories":[50,2,103],"tags":[],"class_list":["post-67619","post","type-post","status-publish","format-standard","has-post-thumbnail","hentry","category-destacadas","category-locales","category-policiales-locales"],"aioseo_notices":[],"gutentor_comment":10,"jetpack_featured_media_url":"https:\/\/eldiariodesanpedro.com.ar\/sitio\/wp-content\/uploads\/2020\/01\/PicsArt_01-25-11.01.46-e1579964431768.jpg","jetpack_shortlink":"https:\/\/wp.me\/p6RhLt-hAD","jetpack_sharing_enabled":true,"_links":{"self":[{"href":"https:\/\/eldiariodesanpedro.com.ar\/sitio\/wp-json\/wp\/v2\/posts\/67619","targetHints":{"allow":["GET"]}}],"collection":[{"href":"https:\/\/eldiariodesanpedro.com.ar\/sitio\/wp-json\/wp\/v2\/posts"}],"about":[{"href":"https:\/\/eldiariodesanpedro.com.ar\/sitio\/wp-json\/wp\/v2\/types\/post"}],"author":[{"embeddable":true,"href":"https:\/\/eldiariodesanpedro.com.ar\/sitio\/wp-json\/wp\/v2\/users\/4"}],"replies":[{"embeddable":true,"href":"https:\/\/eldiariodesanpedro.com.ar\/sitio\/wp-json\/wp\/v2\/comments?post=67619"}],"version-history":[{"count":1,"href":"https:\/\/eldiariodesanpedro.com.ar\/sitio\/wp-json\/wp\/v2\/posts\/67619\/revisions"}],"predecessor-version":[{"id":67622,"href":"https:\/\/eldiariodesanpedro.com.ar\/sitio\/wp-json\/wp\/v2\/posts\/67619\/revisions\/67622"}],"wp:featuredmedia":[{"embeddable":true,"href":"https:\/\/eldiariodesanpedro.com.ar\/sitio\/wp-json\/wp\/v2\/media\/67621"}],"wp:attachment":[{"href":"https:\/\/eldiariodesanpedro.com.ar\/sitio\/wp-json\/wp\/v2\/media?parent=67619"}],"wp:term":[{"taxonomy":"category","embeddable":true,"href":"https:\/\/eldiariodesanpedro.com.ar\/sitio\/wp-json\/wp\/v2\/categories?post=67619"},{"taxonomy":"post_tag","embeddable":true,"href":"https:\/\/eldiariodesanpedro.com.ar\/sitio\/wp-json\/wp\/v2\/tags?post=67619"}],"curies":[{"name":"wp","href":"https:\/\/api.w.org\/{rel}","templated":true}]}}