{"id":67613,"date":"2020-01-24T13:49:01","date_gmt":"2020-01-24T16:49:01","guid":{"rendered":"https:\/\/eldiariodesanpedro.com.ar\/sitio\/?p=67613"},"modified":"2020-01-24T13:54:06","modified_gmt":"2020-01-24T16:54:06","slug":"fue-aprehendido-el-policia-que-le-efectuo-el-disparo-a-luna","status":"publish","type":"post","link":"https:\/\/eldiariodesanpedro.com.ar\/sitio\/fue-aprehendido-el-policia-que-le-efectuo-el-disparo-a-luna\/","title":{"rendered":"Fue aprehendido el polic\u00eda que le efectu\u00f3 el disparo a Luna"},"content":{"rendered":"<!-- VideographyWP Plugin Message: Automatic video embedding prevented by plugin options. -->\n\n<p>Hace minutos el Fiscal Marcelo Manso, titular de la UFI N|5 que instruye en la causa, ordeno la detenci\u00f3n del efectivo policial acusado de disparar contra Luna.<\/p>\n\n\n\n<p>Se espera a lo largo del d\u00eda que el acusado implicado por \u00abHomicidio\u00bb, preste declaraci\u00f3n indagatoria.\u00a0 <\/p>\n\n\n\n<p>Lo confirmado hasta el momento por fuentes policiales es que el fallecido, \u00c1ngel Luna de 26 a\u00f1os de edad, se esconde entre los arbustos del patio de un vecino y al visualizar al efectivo sale y lo amenaza con un arma lo que la autoridad responde con un disparo de bala de goma.<br><\/p>\n\n\n\n<p>Familiares afirman que Luna se encontraba alcoholizado, violento y amedrentando contra la familia, tirando piedras tambi\u00e9n en los techos lo que piden ayuda mediante un llamado a la dependencia local. Para la familia Luna no se encontraba armado.<br><\/p>\n\n\n\n<p>Personal de Prefectura y el Fiscal Marcelo Manso interviniente en la causa confirmaron el secuestro de un arma de guerra calibre 38 en la escena.<br><\/p>\n\n\n\n<p>Las pericias confirman que la v\u00edctima no dispar\u00f3 y que el joven&nbsp; sufri\u00f3 un disparo de posta de goma a corta distancia.&nbsp;<\/p>\n","protected":false},"excerpt":{"rendered":"<p>Hace minutos el Fiscal Marcelo Manso, titular de la UFI N|5 que instruye en la causa, ordeno la detenci\u00f3n del efectivo policial acusado de disparar contra Luna. Se espera a lo largo del d\u00eda que el acusado implicado por \u00abHomicidio\u00bb, preste declaraci\u00f3n indagatoria.\u00a0 Lo confirmado hasta el momento por fuentes policiales es que el fallecido, [&hellip;]<\/p>\n","protected":false},"author":4,"featured_media":67546,"comment_status":"open","ping_status":"closed","sticky":false,"template":"","format":"standard","meta":{"om_disable_all_campaigns":false,"_jetpack_memberships_contains_paid_content":false,"footnotes":""},"categories":[50,2,103],"tags":[],"class_list":["post-67613","post","type-post","status-publish","format-standard","has-post-thumbnail","hentry","category-destacadas","category-locales","category-policiales-locales"],"aioseo_notices":[],"gutentor_comment":0,"jetpack_featured_media_url":"https:\/\/eldiariodesanpedro.com.ar\/sitio\/wp-content\/uploads\/2020\/01\/6_IMG-20200124-WA0036_watermark_vie._24012020_101548.jpg","jetpack_shortlink":"https:\/\/wp.me\/p6RhLt-hAx","jetpack_sharing_enabled":true,"_links":{"self":[{"href":"https:\/\/eldiariodesanpedro.com.ar\/sitio\/wp-json\/wp\/v2\/posts\/67613","targetHints":{"allow":["GET"]}}],"collection":[{"href":"https:\/\/eldiariodesanpedro.com.ar\/sitio\/wp-json\/wp\/v2\/posts"}],"about":[{"href":"https:\/\/eldiariodesanpedro.com.ar\/sitio\/wp-json\/wp\/v2\/types\/post"}],"author":[{"embeddable":true,"href":"https:\/\/eldiariodesanpedro.com.ar\/sitio\/wp-json\/wp\/v2\/users\/4"}],"replies":[{"embeddable":true,"href":"https:\/\/eldiariodesanpedro.com.ar\/sitio\/wp-json\/wp\/v2\/comments?post=67613"}],"version-history":[{"count":2,"href":"https:\/\/eldiariodesanpedro.com.ar\/sitio\/wp-json\/wp\/v2\/posts\/67613\/revisions"}],"predecessor-version":[{"id":67615,"href":"https:\/\/eldiariodesanpedro.com.ar\/sitio\/wp-json\/wp\/v2\/posts\/67613\/revisions\/67615"}],"wp:featuredmedia":[{"embeddable":true,"href":"https:\/\/eldiariodesanpedro.com.ar\/sitio\/wp-json\/wp\/v2\/media\/67546"}],"wp:attachment":[{"href":"https:\/\/eldiariodesanpedro.com.ar\/sitio\/wp-json\/wp\/v2\/media?parent=67613"}],"wp:term":[{"taxonomy":"category","embeddable":true,"href":"https:\/\/eldiariodesanpedro.com.ar\/sitio\/wp-json\/wp\/v2\/categories?post=67613"},{"taxonomy":"post_tag","embeddable":true,"href":"https:\/\/eldiariodesanpedro.com.ar\/sitio\/wp-json\/wp\/v2\/tags?post=67613"}],"curies":[{"name":"wp","href":"https:\/\/api.w.org\/{rel}","templated":true}]}}